{"id":9482,"date":"2021-10-10T15:15:00","date_gmt":"2021-10-10T13:15:00","guid":{"rendered":"https:\/\/architectes.in\/?p=9482"},"modified":"2022-07-13T15:27:23","modified_gmt":"2022-07-13T13:27:23","slug":"ossature-bois","status":"publish","type":"post","link":"https:\/\/architectes.in\/index.php\/2021\/10\/10\/ossature-bois\/","title":{"rendered":"Ossature bois"},"content":{"rendered":"\n<p>La ma\u00e7onnerie \u00e9tant termin\u00e9e, la prochaine \u00e9tape du chantier est la mise en place du bardage bois sur les fa\u00e7ades et les balcons. <\/p>\n\n\n\n<figure class=\"wp-block-image size-large\"><img loading=\"lazy\" width=\"768\" height=\"1024\" src=\"https:\/\/architectes.in\/wp-content\/uploads\/2022\/07\/7E493E60-B6BE-48E0-8BA8-64F61145CD34_1_102_o-768x1024.jpeg\" alt=\"\" class=\"wp-image-9483\" srcset=\"https:\/\/architectes.in\/wp-content\/uploads\/2022\/07\/7E493E60-B6BE-48E0-8BA8-64F61145CD34_1_102_o-768x1024.jpeg 768w, https:\/\/architectes.in\/wp-content\/uploads\/2022\/07\/7E493E60-B6BE-48E0-8BA8-64F61145CD34_1_102_o-225x300.jpeg 225w, https:\/\/architectes.in\/wp-content\/uploads\/2022\/07\/7E493E60-B6BE-48E0-8BA8-64F61145CD34_1_102_o-1152x1536.jpeg 1152w, https:\/\/architectes.in\/wp-content\/uploads\/2022\/07\/7E493E60-B6BE-48E0-8BA8-64F61145CD34_1_102_o.jpeg 1536w\" sizes=\"(max-width: 768px) 100vw, 768px\" \/><\/figure>\n\n\n\n<figure class=\"wp-block-image size-large\"><img loading=\"lazy\" width=\"768\" height=\"1024\" src=\"https:\/\/architectes.in\/wp-content\/uploads\/2022\/07\/84E6162F-AF80-4E9C-BA9E-BFEBEBB82578_1_102_o-768x1024.jpeg\" alt=\"\" class=\"wp-image-9484\" srcset=\"https:\/\/architectes.in\/wp-content\/uploads\/2022\/07\/84E6162F-AF80-4E9C-BA9E-BFEBEBB82578_1_102_o-768x1024.jpeg 768w, https:\/\/architectes.in\/wp-content\/uploads\/2022\/07\/84E6162F-AF80-4E9C-BA9E-BFEBEBB82578_1_102_o-225x300.jpeg 225w, https:\/\/architectes.in\/wp-content\/uploads\/2022\/07\/84E6162F-AF80-4E9C-BA9E-BFEBEBB82578_1_102_o-1152x1536.jpeg 1152w, https:\/\/architectes.in\/wp-content\/uploads\/2022\/07\/84E6162F-AF80-4E9C-BA9E-BFEBEBB82578_1_102_o.jpeg 1536w\" sizes=\"(max-width: 768px) 100vw, 768px\" \/><\/figure>\n\n\n\n<p><\/p>\n\n\n\n<figure class=\"wp-block-image size-large\"><img loading=\"lazy\" width=\"768\" height=\"1024\" src=\"https:\/\/architectes.in\/wp-content\/uploads\/2022\/07\/5D09EB3C-709E-437E-A409-2CBD6AB3413C_1_102_o-768x1024.jpeg\" alt=\"\" class=\"wp-image-9485\" srcset=\"https:\/\/architectes.in\/wp-content\/uploads\/2022\/07\/5D09EB3C-709E-437E-A409-2CBD6AB3413C_1_102_o-768x1024.jpeg 768w, https:\/\/architectes.in\/wp-content\/uploads\/2022\/07\/5D09EB3C-709E-437E-A409-2CBD6AB3413C_1_102_o-225x300.jpeg 225w, https:\/\/architectes.in\/wp-content\/uploads\/2022\/07\/5D09EB3C-709E-437E-A409-2CBD6AB3413C_1_102_o-1152x1536.jpeg 1152w, https:\/\/architectes.in\/wp-content\/uploads\/2022\/07\/5D09EB3C-709E-437E-A409-2CBD6AB3413C_1_102_o.jpeg 1536w\" sizes=\"(max-width: 768px) 100vw, 768px\" \/><\/figure>\n\n\n\n<p><\/p>\n\n\n\n<figure class=\"wp-block-image size-large\"><img loading=\"lazy\" width=\"1024\" height=\"768\" src=\"https:\/\/architectes.in\/wp-content\/uploads\/2022\/07\/4531EA46-7E30-4897-BA1A-27F33DB9AAFD_1_102_o-1024x768.jpeg\" alt=\"\" class=\"wp-image-9486\" srcset=\"https:\/\/architectes.in\/wp-content\/uploads\/2022\/07\/4531EA46-7E30-4897-BA1A-27F33DB9AAFD_1_102_o-1024x768.jpeg 1024w, https:\/\/architectes.in\/wp-content\/uploads\/2022\/07\/4531EA46-7E30-4897-BA1A-27F33DB9AAFD_1_102_o-300x225.jpeg 300w, https:\/\/architectes.in\/wp-content\/uploads\/2022\/07\/4531EA46-7E30-4897-BA1A-27F33DB9AAFD_1_102_o-768x576.jpeg 768w, https:\/\/architectes.in\/wp-content\/uploads\/2022\/07\/4531EA46-7E30-4897-BA1A-27F33DB9AAFD_1_102_o-1536x1152.jpeg 1536w, https:\/\/architectes.in\/wp-content\/uploads\/2022\/07\/4531EA46-7E30-4897-BA1A-27F33DB9AAFD_1_102_o-400x300.jpeg 400w, https:\/\/architectes.in\/wp-content\/uploads\/2022\/07\/4531EA46-7E30-4897-BA1A-27F33DB9AAFD_1_102_o.jpeg 2048w\" sizes=\"(max-width: 1024px) 100vw, 1024px\" \/><\/figure>\n\n\n\n<p><\/p>\n\n\n\n<figure class=\"wp-block-image size-large\"><img loading=\"lazy\" width=\"768\" height=\"1024\" src=\"https:\/\/architectes.in\/wp-content\/uploads\/2022\/07\/E4396381-C742-4956-8A48-C249A3E62A95_1_102_o-768x1024.jpeg\" alt=\"\" class=\"wp-image-9487\" srcset=\"https:\/\/architectes.in\/wp-content\/uploads\/2022\/07\/E4396381-C742-4956-8A48-C249A3E62A95_1_102_o-768x1024.jpeg 768w, https:\/\/architectes.in\/wp-content\/uploads\/2022\/07\/E4396381-C742-4956-8A48-C249A3E62A95_1_102_o-225x300.jpeg 225w, https:\/\/architectes.in\/wp-content\/uploads\/2022\/07\/E4396381-C742-4956-8A48-C249A3E62A95_1_102_o-1152x1536.jpeg 1152w, https:\/\/architectes.in\/wp-content\/uploads\/2022\/07\/E4396381-C742-4956-8A48-C249A3E62A95_1_102_o.jpeg 1536w\" sizes=\"(max-width: 768px) 100vw, 768px\" \/><\/figure>\n\n\n\n<figure class=\"wp-block-image size-large\"><img loading=\"lazy\" width=\"1024\" height=\"768\" src=\"https:\/\/architectes.in\/wp-content\/uploads\/2022\/07\/9D7A5E2D-DE55-4CDD-B161-EEA2A63FE97C_1_102_o-1024x768.jpeg\" alt=\"\" class=\"wp-image-9488\" srcset=\"https:\/\/architectes.in\/wp-content\/uploads\/2022\/07\/9D7A5E2D-DE55-4CDD-B161-EEA2A63FE97C_1_102_o-1024x768.jpeg 1024w, https:\/\/architectes.in\/wp-content\/uploads\/2022\/07\/9D7A5E2D-DE55-4CDD-B161-EEA2A63FE97C_1_102_o-300x225.jpeg 300w, https:\/\/architectes.in\/wp-content\/uploads\/2022\/07\/9D7A5E2D-DE55-4CDD-B161-EEA2A63FE97C_1_102_o-768x576.jpeg 768w, https:\/\/architectes.in\/wp-content\/uploads\/2022\/07\/9D7A5E2D-DE55-4CDD-B161-EEA2A63FE97C_1_102_o-1536x1152.jpeg 1536w, https:\/\/architectes.in\/wp-content\/uploads\/2022\/07\/9D7A5E2D-DE55-4CDD-B161-EEA2A63FE97C_1_102_o-400x300.jpeg 400w, https:\/\/architectes.in\/wp-content\/uploads\/2022\/07\/9D7A5E2D-DE55-4CDD-B161-EEA2A63FE97C_1_102_o.jpeg 2048w\" sizes=\"(max-width: 1024px) 100vw, 1024px\" \/><\/figure>\n\n\n\n<figure class=\"wp-block-image size-large\"><img loading=\"lazy\" width=\"1024\" height=\"768\" src=\"https:\/\/architectes.in\/wp-content\/uploads\/2022\/07\/C9987DB3-393E-466B-A3E7-2E11B90F9E4D_1_102_o-1024x768.jpeg\" alt=\"\" class=\"wp-image-9489\" srcset=\"https:\/\/architectes.in\/wp-content\/uploads\/2022\/07\/C9987DB3-393E-466B-A3E7-2E11B90F9E4D_1_102_o-1024x768.jpeg 1024w, https:\/\/architectes.in\/wp-content\/uploads\/2022\/07\/C9987DB3-393E-466B-A3E7-2E11B90F9E4D_1_102_o-300x225.jpeg 300w, https:\/\/architectes.in\/wp-content\/uploads\/2022\/07\/C9987DB3-393E-466B-A3E7-2E11B90F9E4D_1_102_o-768x576.jpeg 768w, https:\/\/architectes.in\/wp-content\/uploads\/2022\/07\/C9987DB3-393E-466B-A3E7-2E11B90F9E4D_1_102_o-1536x1152.jpeg 1536w, https:\/\/architectes.in\/wp-content\/uploads\/2022\/07\/C9987DB3-393E-466B-A3E7-2E11B90F9E4D_1_102_o-400x300.jpeg 400w, https:\/\/architectes.in\/wp-content\/uploads\/2022\/07\/C9987DB3-393E-466B-A3E7-2E11B90F9E4D_1_102_o.jpeg 2048w\" sizes=\"(max-width: 1024px) 100vw, 1024px\" \/><\/figure>\n\n\n\n<p><\/p>\n\n\n\n<figure class=\"wp-block-image size-large\"><img loading=\"lazy\" width=\"768\" height=\"1024\" src=\"https:\/\/architectes.in\/wp-content\/uploads\/2022\/07\/3D806F2C-D962-4447-8D95-B049375ACDD3_1_102_o-768x1024.jpeg\" alt=\"\" class=\"wp-image-9490\" srcset=\"https:\/\/architectes.in\/wp-content\/uploads\/2022\/07\/3D806F2C-D962-4447-8D95-B049375ACDD3_1_102_o-768x1024.jpeg 768w, https:\/\/architectes.in\/wp-content\/uploads\/2022\/07\/3D806F2C-D962-4447-8D95-B049375ACDD3_1_102_o-225x300.jpeg 225w, https:\/\/architectes.in\/wp-content\/uploads\/2022\/07\/3D806F2C-D962-4447-8D95-B049375ACDD3_1_102_o-1152x1536.jpeg 1152w, https:\/\/architectes.in\/wp-content\/uploads\/2022\/07\/3D806F2C-D962-4447-8D95-B049375ACDD3_1_102_o.jpeg 1536w\" sizes=\"(max-width: 768px) 100vw, 768px\" \/><\/figure>\n\n\n\n<figure class=\"wp-block-image size-large\"><img loading=\"lazy\" width=\"768\" height=\"1024\" src=\"https:\/\/architectes.in\/wp-content\/uploads\/2022\/07\/90051144-CCAE-4BEA-AEC4-C4668CE48446_1_102_o-768x1024.jpeg\" alt=\"\" class=\"wp-image-9491\" srcset=\"https:\/\/architectes.in\/wp-content\/uploads\/2022\/07\/90051144-CCAE-4BEA-AEC4-C4668CE48446_1_102_o-768x1024.jpeg 768w, https:\/\/architectes.in\/wp-content\/uploads\/2022\/07\/90051144-CCAE-4BEA-AEC4-C4668CE48446_1_102_o-225x300.jpeg 225w, https:\/\/architectes.in\/wp-content\/uploads\/2022\/07\/90051144-CCAE-4BEA-AEC4-C4668CE48446_1_102_o-1152x1536.jpeg 1152w, https:\/\/architectes.in\/wp-content\/uploads\/2022\/07\/90051144-CCAE-4BEA-AEC4-C4668CE48446_1_102_o.jpeg 1536w\" sizes=\"(max-width: 768px) 100vw, 768px\" \/><\/figure>\n\n\n\n<p><\/p>\n","protected":false},"excerpt":{"rendered":"<p>La ma\u00e7onnerie \u00e9tant termin\u00e9e, la prochaine \u00e9tape du chantier est la mise en place du bardage bois sur les fa\u00e7ades et les balcons.<\/p>\n","protected":false},"author":1,"featured_media":9488,"comment_status":"closed","ping_status":"open","sticky":false,"template":"","format":"standard","meta":{"_monsterinsights_skip_tracking":false,"_monsterinsights_sitenote_active":false,"_monsterinsights_sitenote_note":"","_monsterinsights_sitenote_category":0},"categories":[176],"tags":[177],"aioseo_notices":[],"_links":{"self":[{"href":"https:\/\/architectes.in\/index.php\/wp-json\/wp\/v2\/posts\/9482"}],"collection":[{"href":"https:\/\/architectes.in\/index.php\/wp-json\/wp\/v2\/posts"}],"about":[{"href":"https:\/\/architectes.in\/index.php\/wp-json\/wp\/v2\/types\/post"}],"author":[{"embeddable":true,"href":"https:\/\/architectes.in\/index.php\/wp-json\/wp\/v2\/users\/1"}],"replies":[{"embeddable":true,"href":"https:\/\/architectes.in\/index.php\/wp-json\/wp\/v2\/comments?post=9482"}],"version-history":[{"count":1,"href":"https:\/\/architectes.in\/index.php\/wp-json\/wp\/v2\/posts\/9482\/revisions"}],"predecessor-version":[{"id":9492,"href":"https:\/\/architectes.in\/index.php\/wp-json\/wp\/v2\/posts\/9482\/revisions\/9492"}],"wp:featuredmedia":[{"embeddable":true,"href":"https:\/\/architectes.in\/index.php\/wp-json\/wp\/v2\/media\/9488"}],"wp:attachment":[{"href":"https:\/\/architectes.in\/index.php\/wp-json\/wp\/v2\/media?parent=9482"}],"wp:term":[{"taxonomy":"category","embeddable":true,"href":"https:\/\/architectes.in\/index.php\/wp-json\/wp\/v2\/categories?post=9482"},{"taxonomy":"post_tag","embeddable":true,"href":"https:\/\/architectes.in\/index.php\/wp-json\/wp\/v2\/tags?post=9482"}],"curies":[{"name":"wp","href":"https:\/\/api.w.org\/{rel}","templated":true}]}}