{"id":9435,"date":"2021-06-29T18:05:00","date_gmt":"2021-06-29T16:05:00","guid":{"rendered":"https:\/\/architectes.in\/?p=9435"},"modified":"2022-07-12T18:08:28","modified_gmt":"2022-07-12T16:08:28","slug":"realisation-de-la-couverture","status":"publish","type":"post","link":"https:\/\/architectes.in\/index.php\/2021\/06\/29\/realisation-de-la-couverture\/","title":{"rendered":"R\u00e9alisation de la couverture"},"content":{"rendered":"\n<p>Apr\u00e8s avoir finalis\u00e9 l&rsquo;assemblage de l&rsquo;ossature bois et de la charpente, mise en place de la couverture afin de prot\u00e9ger l&rsquo;ouvrage de l&rsquo;eau.<\/p>\n\n\n\n<p><\/p>\n\n\n\n<figure class=\"wp-block-image size-large\"><img loading=\"lazy\" width=\"768\" height=\"1024\" src=\"https:\/\/architectes.in\/wp-content\/uploads\/2022\/07\/ACC60C3B-EBF9-40A9-8546-E2A237685D01_1_102_o-768x1024.jpeg\" alt=\"\" class=\"wp-image-9436\" srcset=\"https:\/\/architectes.in\/wp-content\/uploads\/2022\/07\/ACC60C3B-EBF9-40A9-8546-E2A237685D01_1_102_o-768x1024.jpeg 768w, https:\/\/architectes.in\/wp-content\/uploads\/2022\/07\/ACC60C3B-EBF9-40A9-8546-E2A237685D01_1_102_o-225x300.jpeg 225w, https:\/\/architectes.in\/wp-content\/uploads\/2022\/07\/ACC60C3B-EBF9-40A9-8546-E2A237685D01_1_102_o-1152x1536.jpeg 1152w, https:\/\/architectes.in\/wp-content\/uploads\/2022\/07\/ACC60C3B-EBF9-40A9-8546-E2A237685D01_1_102_o.jpeg 1536w\" sizes=\"(max-width: 768px) 100vw, 768px\" \/><\/figure>\n\n\n\n<p><\/p>\n\n\n\n<figure class=\"wp-block-image size-large\"><img loading=\"lazy\" width=\"1024\" height=\"768\" src=\"https:\/\/architectes.in\/wp-content\/uploads\/2022\/07\/39351993-946D-421F-A5F0-AC77EAD2F8C1_1_102_o-1024x768.jpeg\" alt=\"\" class=\"wp-image-9437\" srcset=\"https:\/\/architectes.in\/wp-content\/uploads\/2022\/07\/39351993-946D-421F-A5F0-AC77EAD2F8C1_1_102_o-1024x768.jpeg 1024w, https:\/\/architectes.in\/wp-content\/uploads\/2022\/07\/39351993-946D-421F-A5F0-AC77EAD2F8C1_1_102_o-300x225.jpeg 300w, https:\/\/architectes.in\/wp-content\/uploads\/2022\/07\/39351993-946D-421F-A5F0-AC77EAD2F8C1_1_102_o-768x576.jpeg 768w, https:\/\/architectes.in\/wp-content\/uploads\/2022\/07\/39351993-946D-421F-A5F0-AC77EAD2F8C1_1_102_o-1536x1152.jpeg 1536w, https:\/\/architectes.in\/wp-content\/uploads\/2022\/07\/39351993-946D-421F-A5F0-AC77EAD2F8C1_1_102_o-400x300.jpeg 400w, https:\/\/architectes.in\/wp-content\/uploads\/2022\/07\/39351993-946D-421F-A5F0-AC77EAD2F8C1_1_102_o.jpeg 2048w\" sizes=\"(max-width: 1024px) 100vw, 1024px\" \/><\/figure>\n\n\n\n<p><\/p>\n\n\n\n<figure class=\"wp-block-image size-large\"><img loading=\"lazy\" width=\"1024\" height=\"768\" src=\"https:\/\/architectes.in\/wp-content\/uploads\/2022\/07\/85296C7F-AFA3-405F-A041-03D9527A8D29_1_102_o-1024x768.jpeg\" alt=\"\" class=\"wp-image-9438\" srcset=\"https:\/\/architectes.in\/wp-content\/uploads\/2022\/07\/85296C7F-AFA3-405F-A041-03D9527A8D29_1_102_o-1024x768.jpeg 1024w, https:\/\/architectes.in\/wp-content\/uploads\/2022\/07\/85296C7F-AFA3-405F-A041-03D9527A8D29_1_102_o-300x225.jpeg 300w, https:\/\/architectes.in\/wp-content\/uploads\/2022\/07\/85296C7F-AFA3-405F-A041-03D9527A8D29_1_102_o-768x576.jpeg 768w, https:\/\/architectes.in\/wp-content\/uploads\/2022\/07\/85296C7F-AFA3-405F-A041-03D9527A8D29_1_102_o-1536x1152.jpeg 1536w, https:\/\/architectes.in\/wp-content\/uploads\/2022\/07\/85296C7F-AFA3-405F-A041-03D9527A8D29_1_102_o-400x300.jpeg 400w, https:\/\/architectes.in\/wp-content\/uploads\/2022\/07\/85296C7F-AFA3-405F-A041-03D9527A8D29_1_102_o.jpeg 2048w\" sizes=\"(max-width: 1024px) 100vw, 1024px\" \/><\/figure>\n\n\n\n<p><\/p>\n\n\n\n<figure class=\"wp-block-image size-large\"><img loading=\"lazy\" width=\"1024\" height=\"768\" src=\"https:\/\/architectes.in\/wp-content\/uploads\/2022\/07\/6DFD8CBE-7627-4796-9202-EDB6DE8921E3_1_102_o-1024x768.jpeg\" alt=\"\" class=\"wp-image-9439\" srcset=\"https:\/\/architectes.in\/wp-content\/uploads\/2022\/07\/6DFD8CBE-7627-4796-9202-EDB6DE8921E3_1_102_o-1024x768.jpeg 1024w, https:\/\/architectes.in\/wp-content\/uploads\/2022\/07\/6DFD8CBE-7627-4796-9202-EDB6DE8921E3_1_102_o-300x225.jpeg 300w, https:\/\/architectes.in\/wp-content\/uploads\/2022\/07\/6DFD8CBE-7627-4796-9202-EDB6DE8921E3_1_102_o-768x576.jpeg 768w, https:\/\/architectes.in\/wp-content\/uploads\/2022\/07\/6DFD8CBE-7627-4796-9202-EDB6DE8921E3_1_102_o-1536x1152.jpeg 1536w, https:\/\/architectes.in\/wp-content\/uploads\/2022\/07\/6DFD8CBE-7627-4796-9202-EDB6DE8921E3_1_102_o-400x300.jpeg 400w, https:\/\/architectes.in\/wp-content\/uploads\/2022\/07\/6DFD8CBE-7627-4796-9202-EDB6DE8921E3_1_102_o.jpeg 2048w\" sizes=\"(max-width: 1024px) 100vw, 1024px\" \/><\/figure>\n\n\n\n<p><\/p>\n","protected":false},"excerpt":{"rendered":"<p>Apr\u00e8s avoir finalis\u00e9 l&rsquo;assemblage de l&rsquo;ossature bois et de la charpente, mise en place de la couverture afin de prot\u00e9ger l&rsquo;ouvrage de l&rsquo;eau.<\/p>\n","protected":false},"author":1,"featured_media":9438,"comment_status":"closed","ping_status":"open","sticky":false,"template":"","format":"standard","meta":{"_monsterinsights_skip_tracking":false,"_monsterinsights_sitenote_active":false,"_monsterinsights_sitenote_note":"","_monsterinsights_sitenote_category":0},"categories":[175],"tags":[174],"aioseo_notices":[],"_links":{"self":[{"href":"https:\/\/architectes.in\/index.php\/wp-json\/wp\/v2\/posts\/9435"}],"collection":[{"href":"https:\/\/architectes.in\/index.php\/wp-json\/wp\/v2\/posts"}],"about":[{"href":"https:\/\/architectes.in\/index.php\/wp-json\/wp\/v2\/types\/post"}],"author":[{"embeddable":true,"href":"https:\/\/architectes.in\/index.php\/wp-json\/wp\/v2\/users\/1"}],"replies":[{"embeddable":true,"href":"https:\/\/architectes.in\/index.php\/wp-json\/wp\/v2\/comments?post=9435"}],"version-history":[{"count":1,"href":"https:\/\/architectes.in\/index.php\/wp-json\/wp\/v2\/posts\/9435\/revisions"}],"predecessor-version":[{"id":9440,"href":"https:\/\/architectes.in\/index.php\/wp-json\/wp\/v2\/posts\/9435\/revisions\/9440"}],"wp:featuredmedia":[{"embeddable":true,"href":"https:\/\/architectes.in\/index.php\/wp-json\/wp\/v2\/media\/9438"}],"wp:attachment":[{"href":"https:\/\/architectes.in\/index.php\/wp-json\/wp\/v2\/media?parent=9435"}],"wp:term":[{"taxonomy":"category","embeddable":true,"href":"https:\/\/architectes.in\/index.php\/wp-json\/wp\/v2\/categories?post=9435"},{"taxonomy":"post_tag","embeddable":true,"href":"https:\/\/architectes.in\/index.php\/wp-json\/wp\/v2\/tags?post=9435"}],"curies":[{"name":"wp","href":"https:\/\/api.w.org\/{rel}","templated":true}]}}