{"id":9312,"date":"2022-06-16T13:58:43","date_gmt":"2022-06-16T11:58:43","guid":{"rendered":"http:\/\/architectes.in\/?p=9312"},"modified":"2022-08-23T10:14:17","modified_gmt":"2022-08-23T08:14:17","slug":"mise-place-menuiseries","status":"publish","type":"post","link":"https:\/\/architectes.in\/index.php\/2022\/06\/16\/mise-place-menuiseries\/","title":{"rendered":"Pose des menuiseries"},"content":{"rendered":"<p>Les menuiseries sont enfin livr\u00e9es et pos\u00e9es : ouvrants, baies coulissantes, chassis fixes trap\u00e9zo\u00efdaux, fen\u00eatres de toit&#8230; La maison est hors d&rsquo;air, les habillages des ouvertures suivront et le second-oeuvre peut d\u00e9marrer.<\/p>\n<p><a href=\"https:\/\/architectes.in\/wp-content\/uploads\/2022\/07\/78AF6D11-78B4-4096-964C-73AC0CF8D042_1_105_c.jpeg\"><img loading=\"lazy\" class=\"aligncenter size-large wp-image-9313\" src=\"https:\/\/architectes.in\/wp-content\/uploads\/2022\/07\/78AF6D11-78B4-4096-964C-73AC0CF8D042_1_105_c-768x1024.jpeg\" alt=\"\" width=\"768\" height=\"1024\" srcset=\"https:\/\/architectes.in\/wp-content\/uploads\/2022\/07\/78AF6D11-78B4-4096-964C-73AC0CF8D042_1_105_c.jpeg 768w, https:\/\/architectes.in\/wp-content\/uploads\/2022\/07\/78AF6D11-78B4-4096-964C-73AC0CF8D042_1_105_c-225x300.jpeg 225w\" sizes=\"(max-width: 768px) 100vw, 768px\" \/><\/a> <a href=\"https:\/\/architectes.in\/wp-content\/uploads\/2022\/07\/0BB39DEC-0B2D-4893-B27B-754A53B56041_1_105_c.jpeg\"><img loading=\"lazy\" class=\"aligncenter size-large wp-image-9314\" src=\"https:\/\/architectes.in\/wp-content\/uploads\/2022\/07\/0BB39DEC-0B2D-4893-B27B-754A53B56041_1_105_c-768x1024.jpeg\" alt=\"\" width=\"768\" height=\"1024\" srcset=\"https:\/\/architectes.in\/wp-content\/uploads\/2022\/07\/0BB39DEC-0B2D-4893-B27B-754A53B56041_1_105_c.jpeg 768w, https:\/\/architectes.in\/wp-content\/uploads\/2022\/07\/0BB39DEC-0B2D-4893-B27B-754A53B56041_1_105_c-225x300.jpeg 225w\" sizes=\"(max-width: 768px) 100vw, 768px\" \/><\/a> <a href=\"https:\/\/architectes.in\/wp-content\/uploads\/2022\/07\/7E561723-812E-4EE7-AA7F-F744683F4310_1_105_c.jpeg\"><img loading=\"lazy\" class=\"aligncenter size-large wp-image-9315\" src=\"https:\/\/architectes.in\/wp-content\/uploads\/2022\/07\/7E561723-812E-4EE7-AA7F-F744683F4310_1_105_c-1024x768.jpeg\" alt=\"\" width=\"960\" height=\"720\" srcset=\"https:\/\/architectes.in\/wp-content\/uploads\/2022\/07\/7E561723-812E-4EE7-AA7F-F744683F4310_1_105_c.jpeg 1024w, https:\/\/architectes.in\/wp-content\/uploads\/2022\/07\/7E561723-812E-4EE7-AA7F-F744683F4310_1_105_c-300x225.jpeg 300w, https:\/\/architectes.in\/wp-content\/uploads\/2022\/07\/7E561723-812E-4EE7-AA7F-F744683F4310_1_105_c-768x576.jpeg 768w, https:\/\/architectes.in\/wp-content\/uploads\/2022\/07\/7E561723-812E-4EE7-AA7F-F744683F4310_1_105_c-400x300.jpeg 400w\" sizes=\"(max-width: 960px) 100vw, 960px\" \/><\/a> <a href=\"https:\/\/architectes.in\/wp-content\/uploads\/2022\/07\/A55880C9-1A33-4676-8616-4E5C5DCC9A24_1_105_c.jpeg\"><img loading=\"lazy\" class=\"aligncenter size-large wp-image-9316\" src=\"https:\/\/architectes.in\/wp-content\/uploads\/2022\/07\/A55880C9-1A33-4676-8616-4E5C5DCC9A24_1_105_c-1024x768.jpeg\" alt=\"\" width=\"960\" height=\"720\" srcset=\"https:\/\/architectes.in\/wp-content\/uploads\/2022\/07\/A55880C9-1A33-4676-8616-4E5C5DCC9A24_1_105_c.jpeg 1024w, https:\/\/architectes.in\/wp-content\/uploads\/2022\/07\/A55880C9-1A33-4676-8616-4E5C5DCC9A24_1_105_c-300x225.jpeg 300w, https:\/\/architectes.in\/wp-content\/uploads\/2022\/07\/A55880C9-1A33-4676-8616-4E5C5DCC9A24_1_105_c-768x576.jpeg 768w, https:\/\/architectes.in\/wp-content\/uploads\/2022\/07\/A55880C9-1A33-4676-8616-4E5C5DCC9A24_1_105_c-400x300.jpeg 400w\" sizes=\"(max-width: 960px) 100vw, 960px\" \/><\/a> <a href=\"https:\/\/architectes.in\/wp-content\/uploads\/2022\/07\/6565268D-189F-426A-8039-BEDAD4D90926_1_105_c.jpeg\"><img loading=\"lazy\" class=\"aligncenter size-large wp-image-9317\" src=\"https:\/\/architectes.in\/wp-content\/uploads\/2022\/07\/6565268D-189F-426A-8039-BEDAD4D90926_1_105_c-768x1024.jpeg\" alt=\"\" width=\"768\" height=\"1024\" srcset=\"https:\/\/architectes.in\/wp-content\/uploads\/2022\/07\/6565268D-189F-426A-8039-BEDAD4D90926_1_105_c.jpeg 768w, https:\/\/architectes.in\/wp-content\/uploads\/2022\/07\/6565268D-189F-426A-8039-BEDAD4D90926_1_105_c-225x300.jpeg 225w\" sizes=\"(max-width: 768px) 100vw, 768px\" \/><\/a> <a href=\"https:\/\/architectes.in\/wp-content\/uploads\/2022\/07\/59DCA8E2-4E91-4DF8-A647-98F6219CA60A_1_105_c.jpeg\"><img loading=\"lazy\" class=\"aligncenter size-large wp-image-9318\" src=\"https:\/\/architectes.in\/wp-content\/uploads\/2022\/07\/59DCA8E2-4E91-4DF8-A647-98F6219CA60A_1_105_c-1024x768.jpeg\" alt=\"\" width=\"960\" height=\"720\" srcset=\"https:\/\/architectes.in\/wp-content\/uploads\/2022\/07\/59DCA8E2-4E91-4DF8-A647-98F6219CA60A_1_105_c.jpeg 1024w, https:\/\/architectes.in\/wp-content\/uploads\/2022\/07\/59DCA8E2-4E91-4DF8-A647-98F6219CA60A_1_105_c-300x225.jpeg 300w, https:\/\/architectes.in\/wp-content\/uploads\/2022\/07\/59DCA8E2-4E91-4DF8-A647-98F6219CA60A_1_105_c-768x576.jpeg 768w, https:\/\/architectes.in\/wp-content\/uploads\/2022\/07\/59DCA8E2-4E91-4DF8-A647-98F6219CA60A_1_105_c-400x300.jpeg 400w\" sizes=\"(max-width: 960px) 100vw, 960px\" \/><\/a><\/p>\n","protected":false},"excerpt":{"rendered":"<p>Les menuiseries sont enfin livr\u00e9es et pos\u00e9es : ouvrants, baies coulissantes, chassis fixes trap\u00e9zo\u00efdaux, fen\u00eatres de toit&#8230; La maison est hors d&rsquo;air, les habillages des ouvertures suivront et le second-oeuvre peut d\u00e9marrer.<\/p>\n","protected":false},"author":1,"featured_media":9316,"comment_status":"closed","ping_status":"open","sticky":false,"template":"","format":"standard","meta":{"_monsterinsights_skip_tracking":false,"_monsterinsights_sitenote_active":false,"_monsterinsights_sitenote_note":"","_monsterinsights_sitenote_category":0},"categories":[161],"tags":[162],"aioseo_notices":[],"_links":{"self":[{"href":"https:\/\/architectes.in\/index.php\/wp-json\/wp\/v2\/posts\/9312"}],"collection":[{"href":"https:\/\/architectes.in\/index.php\/wp-json\/wp\/v2\/posts"}],"about":[{"href":"https:\/\/architectes.in\/index.php\/wp-json\/wp\/v2\/types\/post"}],"author":[{"embeddable":true,"href":"https:\/\/architectes.in\/index.php\/wp-json\/wp\/v2\/users\/1"}],"replies":[{"embeddable":true,"href":"https:\/\/architectes.in\/index.php\/wp-json\/wp\/v2\/comments?post=9312"}],"version-history":[{"count":3,"href":"https:\/\/architectes.in\/index.php\/wp-json\/wp\/v2\/posts\/9312\/revisions"}],"predecessor-version":[{"id":9561,"href":"https:\/\/architectes.in\/index.php\/wp-json\/wp\/v2\/posts\/9312\/revisions\/9561"}],"wp:featuredmedia":[{"embeddable":true,"href":"https:\/\/architectes.in\/index.php\/wp-json\/wp\/v2\/media\/9316"}],"wp:attachment":[{"href":"https:\/\/architectes.in\/index.php\/wp-json\/wp\/v2\/media?parent=9312"}],"wp:term":[{"taxonomy":"category","embeddable":true,"href":"https:\/\/architectes.in\/index.php\/wp-json\/wp\/v2\/categories?post=9312"},{"taxonomy":"post_tag","embeddable":true,"href":"https:\/\/architectes.in\/index.php\/wp-json\/wp\/v2\/tags?post=9312"}],"curies":[{"name":"wp","href":"https:\/\/api.w.org\/{rel}","templated":true}]}}