{"id":9294,"date":"2022-06-28T13:49:49","date_gmt":"2022-06-28T11:49:49","guid":{"rendered":"http:\/\/architectes.in\/?p=9294"},"modified":"2022-08-22T17:37:33","modified_gmt":"2022-08-22T15:37:33","slug":"debut-de-maconnerie-2","status":"publish","type":"post","link":"https:\/\/architectes.in\/index.php\/2022\/06\/28\/debut-de-maconnerie-2\/","title":{"rendered":"Garage enterr\u00e9 en b\u00e9ton banch\u00e9"},"content":{"rendered":"<p>La structure en ossature bois de cette villa contemporaine \u00e0 Seyssins reposera sur un niveau enterr\u00e9 ma\u00e7onn\u00e9 : les murs sont r\u00e9alis\u00e9s en b\u00e9ton banch\u00e9, bient\u00f4t prolong\u00e9s pour maintenir les terres le long de la pente d&rsquo;acc\u00e8s au garage et pourront \u00eatre laiss\u00e9s bruts. Bien que destin\u00e9s \u00e0 des espaces non-chauff\u00e9s ils seront \u00e9tanch\u00e9s et isol\u00e9s par l&rsquo;ext\u00e9rieur pour davantage de confort et le plancher haut sera isol\u00e9 avec des hourdis polystyr\u00e8ne et un isolant TMS sous plancher chauffant.<\/p>\n<p><a href=\"https:\/\/architectes.in\/wp-content\/uploads\/2022\/07\/C8367B5A-CBCB-4FC9-9A09-21C76548E7FD_1_105_c.jpeg\"><img loading=\"lazy\" class=\"aligncenter size-large wp-image-9295\" src=\"https:\/\/architectes.in\/wp-content\/uploads\/2022\/07\/C8367B5A-CBCB-4FC9-9A09-21C76548E7FD_1_105_c-1024x768.jpeg\" alt=\"\" width=\"960\" height=\"720\" srcset=\"https:\/\/architectes.in\/wp-content\/uploads\/2022\/07\/C8367B5A-CBCB-4FC9-9A09-21C76548E7FD_1_105_c.jpeg 1024w, https:\/\/architectes.in\/wp-content\/uploads\/2022\/07\/C8367B5A-CBCB-4FC9-9A09-21C76548E7FD_1_105_c-300x225.jpeg 300w, https:\/\/architectes.in\/wp-content\/uploads\/2022\/07\/C8367B5A-CBCB-4FC9-9A09-21C76548E7FD_1_105_c-768x576.jpeg 768w, https:\/\/architectes.in\/wp-content\/uploads\/2022\/07\/C8367B5A-CBCB-4FC9-9A09-21C76548E7FD_1_105_c-400x300.jpeg 400w\" sizes=\"(max-width: 960px) 100vw, 960px\" \/><\/a> <a href=\"https:\/\/architectes.in\/wp-content\/uploads\/2022\/07\/DE1411EA-225F-46D4-82E5-3767B25C8FB4_1_105_c.jpeg\"><img loading=\"lazy\" class=\"aligncenter size-large wp-image-9296\" src=\"https:\/\/architectes.in\/wp-content\/uploads\/2022\/07\/DE1411EA-225F-46D4-82E5-3767B25C8FB4_1_105_c-1024x768.jpeg\" alt=\"\" width=\"960\" height=\"720\" srcset=\"https:\/\/architectes.in\/wp-content\/uploads\/2022\/07\/DE1411EA-225F-46D4-82E5-3767B25C8FB4_1_105_c.jpeg 1024w, https:\/\/architectes.in\/wp-content\/uploads\/2022\/07\/DE1411EA-225F-46D4-82E5-3767B25C8FB4_1_105_c-300x225.jpeg 300w, https:\/\/architectes.in\/wp-content\/uploads\/2022\/07\/DE1411EA-225F-46D4-82E5-3767B25C8FB4_1_105_c-768x576.jpeg 768w, https:\/\/architectes.in\/wp-content\/uploads\/2022\/07\/DE1411EA-225F-46D4-82E5-3767B25C8FB4_1_105_c-400x300.jpeg 400w\" sizes=\"(max-width: 960px) 100vw, 960px\" \/><\/a> <a href=\"https:\/\/architectes.in\/wp-content\/uploads\/2022\/07\/8B355EC6-059A-414A-8DD9-66151BFB387B_1_105_c.jpeg\"><img loading=\"lazy\" class=\"aligncenter size-large wp-image-9297\" src=\"https:\/\/architectes.in\/wp-content\/uploads\/2022\/07\/8B355EC6-059A-414A-8DD9-66151BFB387B_1_105_c-1024x768.jpeg\" alt=\"\" width=\"960\" height=\"720\" srcset=\"https:\/\/architectes.in\/wp-content\/uploads\/2022\/07\/8B355EC6-059A-414A-8DD9-66151BFB387B_1_105_c.jpeg 1024w, https:\/\/architectes.in\/wp-content\/uploads\/2022\/07\/8B355EC6-059A-414A-8DD9-66151BFB387B_1_105_c-300x225.jpeg 300w, https:\/\/architectes.in\/wp-content\/uploads\/2022\/07\/8B355EC6-059A-414A-8DD9-66151BFB387B_1_105_c-768x576.jpeg 768w, https:\/\/architectes.in\/wp-content\/uploads\/2022\/07\/8B355EC6-059A-414A-8DD9-66151BFB387B_1_105_c-400x300.jpeg 400w\" sizes=\"(max-width: 960px) 100vw, 960px\" \/><\/a> <a href=\"https:\/\/architectes.in\/wp-content\/uploads\/2022\/07\/30620238-1597-4272-B237-5F58C8FABC59_1_105_c.jpeg\"><img loading=\"lazy\" class=\"aligncenter size-large wp-image-9298\" src=\"https:\/\/architectes.in\/wp-content\/uploads\/2022\/07\/30620238-1597-4272-B237-5F58C8FABC59_1_105_c-1024x768.jpeg\" alt=\"\" width=\"960\" height=\"720\" srcset=\"https:\/\/architectes.in\/wp-content\/uploads\/2022\/07\/30620238-1597-4272-B237-5F58C8FABC59_1_105_c.jpeg 1024w, https:\/\/architectes.in\/wp-content\/uploads\/2022\/07\/30620238-1597-4272-B237-5F58C8FABC59_1_105_c-300x225.jpeg 300w, https:\/\/architectes.in\/wp-content\/uploads\/2022\/07\/30620238-1597-4272-B237-5F58C8FABC59_1_105_c-768x576.jpeg 768w, https:\/\/architectes.in\/wp-content\/uploads\/2022\/07\/30620238-1597-4272-B237-5F58C8FABC59_1_105_c-400x300.jpeg 400w\" sizes=\"(max-width: 960px) 100vw, 960px\" \/><\/a> <a href=\"https:\/\/architectes.in\/wp-content\/uploads\/2022\/07\/94858034-EB8F-459F-9797-47F160D3260C_1_105_c.jpeg\"><img loading=\"lazy\" class=\"aligncenter size-large wp-image-9299\" src=\"https:\/\/architectes.in\/wp-content\/uploads\/2022\/07\/94858034-EB8F-459F-9797-47F160D3260C_1_105_c-1024x768.jpeg\" alt=\"\" width=\"960\" height=\"720\" srcset=\"https:\/\/architectes.in\/wp-content\/uploads\/2022\/07\/94858034-EB8F-459F-9797-47F160D3260C_1_105_c.jpeg 1024w, https:\/\/architectes.in\/wp-content\/uploads\/2022\/07\/94858034-EB8F-459F-9797-47F160D3260C_1_105_c-300x225.jpeg 300w, https:\/\/architectes.in\/wp-content\/uploads\/2022\/07\/94858034-EB8F-459F-9797-47F160D3260C_1_105_c-768x576.jpeg 768w, https:\/\/architectes.in\/wp-content\/uploads\/2022\/07\/94858034-EB8F-459F-9797-47F160D3260C_1_105_c-400x300.jpeg 400w\" sizes=\"(max-width: 960px) 100vw, 960px\" \/><\/a><\/p>\n\n\n<figure class=\"wp-block-image size-full\"><img loading=\"lazy\" width=\"1024\" height=\"768\" src=\"https:\/\/architectes.in\/wp-content\/uploads\/2022\/08\/8D8BEF14-2F8E-4D57-AE41-8D0CD76BFE9A_1_105_c.jpeg\" alt=\"\" class=\"wp-image-9518\" srcset=\"https:\/\/architectes.in\/wp-content\/uploads\/2022\/08\/8D8BEF14-2F8E-4D57-AE41-8D0CD76BFE9A_1_105_c.jpeg 1024w, https:\/\/architectes.in\/wp-content\/uploads\/2022\/08\/8D8BEF14-2F8E-4D57-AE41-8D0CD76BFE9A_1_105_c-300x225.jpeg 300w, https:\/\/architectes.in\/wp-content\/uploads\/2022\/08\/8D8BEF14-2F8E-4D57-AE41-8D0CD76BFE9A_1_105_c-768x576.jpeg 768w, https:\/\/architectes.in\/wp-content\/uploads\/2022\/08\/8D8BEF14-2F8E-4D57-AE41-8D0CD76BFE9A_1_105_c-400x300.jpeg 400w\" sizes=\"(max-width: 1024px) 100vw, 1024px\" \/><\/figure>\n\n\n\n<p><\/p>\n","protected":false},"excerpt":{"rendered":"<p>La structure en ossature bois de cette villa contemporaine \u00e0 Seyssins reposera sur un niveau enterr\u00e9 ma\u00e7onn\u00e9 : les murs sont r\u00e9alis\u00e9s en b\u00e9ton banch\u00e9, bient\u00f4t prolong\u00e9s pour maintenir les terres le long de la pente d&rsquo;acc\u00e8s au garage et pourront \u00eatre laiss\u00e9s bruts. Bien que destin\u00e9s \u00e0 des espaces non-chauff\u00e9s ils seront \u00e9tanch\u00e9s et&#8230; <\/p>\n<div class=\"clear\"><\/div>\n<p><a href=\"https:\/\/architectes.in\/index.php\/2022\/06\/28\/debut-de-maconnerie-2\/\" class=\"excerpt-read-more\">Read More<\/a><\/p>\n","protected":false},"author":1,"featured_media":9299,"comment_status":"closed","ping_status":"open","sticky":false,"template":"","format":"standard","meta":{"_monsterinsights_skip_tracking":false,"_monsterinsights_sitenote_active":false,"_monsterinsights_sitenote_note":"","_monsterinsights_sitenote_category":0},"categories":[157],"tags":[158],"aioseo_notices":[],"_links":{"self":[{"href":"https:\/\/architectes.in\/index.php\/wp-json\/wp\/v2\/posts\/9294"}],"collection":[{"href":"https:\/\/architectes.in\/index.php\/wp-json\/wp\/v2\/posts"}],"about":[{"href":"https:\/\/architectes.in\/index.php\/wp-json\/wp\/v2\/types\/post"}],"author":[{"embeddable":true,"href":"https:\/\/architectes.in\/index.php\/wp-json\/wp\/v2\/users\/1"}],"replies":[{"embeddable":true,"href":"https:\/\/architectes.in\/index.php\/wp-json\/wp\/v2\/comments?post=9294"}],"version-history":[{"count":4,"href":"https:\/\/architectes.in\/index.php\/wp-json\/wp\/v2\/posts\/9294\/revisions"}],"predecessor-version":[{"id":9545,"href":"https:\/\/architectes.in\/index.php\/wp-json\/wp\/v2\/posts\/9294\/revisions\/9545"}],"wp:featuredmedia":[{"embeddable":true,"href":"https:\/\/architectes.in\/index.php\/wp-json\/wp\/v2\/media\/9299"}],"wp:attachment":[{"href":"https:\/\/architectes.in\/index.php\/wp-json\/wp\/v2\/media?parent=9294"}],"wp:term":[{"taxonomy":"category","embeddable":true,"href":"https:\/\/architectes.in\/index.php\/wp-json\/wp\/v2\/categories?post=9294"},{"taxonomy":"post_tag","embeddable":true,"href":"https:\/\/architectes.in\/index.php\/wp-json\/wp\/v2\/tags?post=9294"}],"curies":[{"name":"wp","href":"https:\/\/api.w.org\/{rel}","templated":true}]}}