{"id":9276,"date":"2022-06-28T13:26:36","date_gmt":"2022-06-28T11:26:36","guid":{"rendered":"http:\/\/architectes.in\/?p=9276"},"modified":"2022-08-22T17:08:54","modified_gmt":"2022-08-22T15:08:54","slug":"plancher-a-hourdis","status":"publish","type":"post","link":"https:\/\/architectes.in\/index.php\/2022\/06\/28\/plancher-a-hourdis\/","title":{"rendered":"Plancher isol\u00e9 sur garage semi-enterr\u00e9"},"content":{"rendered":"<p>Une fois les poutres BA d\u00e9coffr\u00e9es, le plancher poutrelle-hourdis polystyr\u00e8ne est mis en place et la dalle de compression coul\u00e9e. Les languettes de 7cm d&rsquo;\u00e9paisseur en sous-face du plancher garantissent une isolation performante sans pont thermique et une surface de plafond uniforme et blanche dans le volume du garage.<\/p>\n<p><a href=\"https:\/\/architectes.in\/wp-content\/uploads\/2022\/07\/1231438E-F275-4D77-8216-A7E9876D6882_1_105_c.jpeg\"><img loading=\"lazy\" class=\"aligncenter size-large wp-image-9277\" src=\"https:\/\/architectes.in\/wp-content\/uploads\/2022\/07\/1231438E-F275-4D77-8216-A7E9876D6882_1_105_c-1024x768.jpeg\" alt=\"\" width=\"960\" height=\"720\" srcset=\"https:\/\/architectes.in\/wp-content\/uploads\/2022\/07\/1231438E-F275-4D77-8216-A7E9876D6882_1_105_c.jpeg 1024w, https:\/\/architectes.in\/wp-content\/uploads\/2022\/07\/1231438E-F275-4D77-8216-A7E9876D6882_1_105_c-300x225.jpeg 300w, https:\/\/architectes.in\/wp-content\/uploads\/2022\/07\/1231438E-F275-4D77-8216-A7E9876D6882_1_105_c-768x576.jpeg 768w, https:\/\/architectes.in\/wp-content\/uploads\/2022\/07\/1231438E-F275-4D77-8216-A7E9876D6882_1_105_c-400x300.jpeg 400w\" sizes=\"(max-width: 960px) 100vw, 960px\" \/><\/a> <a href=\"https:\/\/architectes.in\/wp-content\/uploads\/2022\/07\/3A6C6B1D-4C8A-467A-980E-7A42955D6532_1_105_c.jpeg\"><img loading=\"lazy\" class=\"aligncenter size-large wp-image-9278\" src=\"https:\/\/architectes.in\/wp-content\/uploads\/2022\/07\/3A6C6B1D-4C8A-467A-980E-7A42955D6532_1_105_c-1024x768.jpeg\" alt=\"\" width=\"960\" height=\"720\" srcset=\"https:\/\/architectes.in\/wp-content\/uploads\/2022\/07\/3A6C6B1D-4C8A-467A-980E-7A42955D6532_1_105_c.jpeg 1024w, https:\/\/architectes.in\/wp-content\/uploads\/2022\/07\/3A6C6B1D-4C8A-467A-980E-7A42955D6532_1_105_c-300x225.jpeg 300w, https:\/\/architectes.in\/wp-content\/uploads\/2022\/07\/3A6C6B1D-4C8A-467A-980E-7A42955D6532_1_105_c-768x576.jpeg 768w, https:\/\/architectes.in\/wp-content\/uploads\/2022\/07\/3A6C6B1D-4C8A-467A-980E-7A42955D6532_1_105_c-400x300.jpeg 400w\" sizes=\"(max-width: 960px) 100vw, 960px\" \/><\/a> <a href=\"https:\/\/architectes.in\/wp-content\/uploads\/2022\/07\/7EFF37DC-85B0-45B4-A6E1-408E8B9F4B33_1_105_c.jpeg\"><img loading=\"lazy\" class=\"aligncenter size-large wp-image-9279\" src=\"https:\/\/architectes.in\/wp-content\/uploads\/2022\/07\/7EFF37DC-85B0-45B4-A6E1-408E8B9F4B33_1_105_c-1024x768.jpeg\" alt=\"\" width=\"960\" height=\"720\" srcset=\"https:\/\/architectes.in\/wp-content\/uploads\/2022\/07\/7EFF37DC-85B0-45B4-A6E1-408E8B9F4B33_1_105_c.jpeg 1024w, https:\/\/architectes.in\/wp-content\/uploads\/2022\/07\/7EFF37DC-85B0-45B4-A6E1-408E8B9F4B33_1_105_c-300x225.jpeg 300w, https:\/\/architectes.in\/wp-content\/uploads\/2022\/07\/7EFF37DC-85B0-45B4-A6E1-408E8B9F4B33_1_105_c-768x576.jpeg 768w, https:\/\/architectes.in\/wp-content\/uploads\/2022\/07\/7EFF37DC-85B0-45B4-A6E1-408E8B9F4B33_1_105_c-400x300.jpeg 400w\" sizes=\"(max-width: 960px) 100vw, 960px\" \/><\/a> <a href=\"https:\/\/architectes.in\/wp-content\/uploads\/2022\/07\/A268E83E-EB78-4BC2-8360-E3C20FF25050_1_105_c.jpeg\"><img loading=\"lazy\" class=\"aligncenter size-large wp-image-9280\" src=\"https:\/\/architectes.in\/wp-content\/uploads\/2022\/07\/A268E83E-EB78-4BC2-8360-E3C20FF25050_1_105_c-1024x768.jpeg\" alt=\"\" width=\"960\" height=\"720\" srcset=\"https:\/\/architectes.in\/wp-content\/uploads\/2022\/07\/A268E83E-EB78-4BC2-8360-E3C20FF25050_1_105_c.jpeg 1024w, https:\/\/architectes.in\/wp-content\/uploads\/2022\/07\/A268E83E-EB78-4BC2-8360-E3C20FF25050_1_105_c-300x225.jpeg 300w, https:\/\/architectes.in\/wp-content\/uploads\/2022\/07\/A268E83E-EB78-4BC2-8360-E3C20FF25050_1_105_c-768x576.jpeg 768w, https:\/\/architectes.in\/wp-content\/uploads\/2022\/07\/A268E83E-EB78-4BC2-8360-E3C20FF25050_1_105_c-400x300.jpeg 400w\" sizes=\"(max-width: 960px) 100vw, 960px\" \/><\/a> <a href=\"https:\/\/architectes.in\/wp-content\/uploads\/2022\/07\/3BACF5FE-97E7-4EA3-BFC9-29A69324E160_1_105_c.jpeg\"><img loading=\"lazy\" class=\"aligncenter size-large wp-image-9281\" src=\"https:\/\/architectes.in\/wp-content\/uploads\/2022\/07\/3BACF5FE-97E7-4EA3-BFC9-29A69324E160_1_105_c-768x1024.jpeg\" alt=\"\" width=\"768\" height=\"1024\" srcset=\"https:\/\/architectes.in\/wp-content\/uploads\/2022\/07\/3BACF5FE-97E7-4EA3-BFC9-29A69324E160_1_105_c.jpeg 768w, https:\/\/architectes.in\/wp-content\/uploads\/2022\/07\/3BACF5FE-97E7-4EA3-BFC9-29A69324E160_1_105_c-225x300.jpeg 225w\" sizes=\"(max-width: 768px) 100vw, 768px\" \/><\/a> <a href=\"https:\/\/architectes.in\/wp-content\/uploads\/2022\/07\/07BA222D-9E62-4485-A49B-37B34D78F5F0_1_105_c.jpeg\"><img loading=\"lazy\" class=\"aligncenter size-large wp-image-9282\" src=\"https:\/\/architectes.in\/wp-content\/uploads\/2022\/07\/07BA222D-9E62-4485-A49B-37B34D78F5F0_1_105_c-1024x768.jpeg\" alt=\"\" width=\"960\" height=\"720\" srcset=\"https:\/\/architectes.in\/wp-content\/uploads\/2022\/07\/07BA222D-9E62-4485-A49B-37B34D78F5F0_1_105_c.jpeg 1024w, https:\/\/architectes.in\/wp-content\/uploads\/2022\/07\/07BA222D-9E62-4485-A49B-37B34D78F5F0_1_105_c-300x225.jpeg 300w, https:\/\/architectes.in\/wp-content\/uploads\/2022\/07\/07BA222D-9E62-4485-A49B-37B34D78F5F0_1_105_c-768x576.jpeg 768w, https:\/\/architectes.in\/wp-content\/uploads\/2022\/07\/07BA222D-9E62-4485-A49B-37B34D78F5F0_1_105_c-400x300.jpeg 400w\" sizes=\"(max-width: 960px) 100vw, 960px\" \/><\/a><\/p>\n","protected":false},"excerpt":{"rendered":"<p>Une fois les poutres BA d\u00e9coffr\u00e9es, le plancher poutrelle-hourdis polystyr\u00e8ne est mis en place et la dalle de compression coul\u00e9e. Les languettes de 7cm d&rsquo;\u00e9paisseur en sous-face du plancher garantissent une isolation performante sans pont thermique et une surface de plafond uniforme et blanche dans le volume du garage.<\/p>\n","protected":false},"author":1,"featured_media":9282,"comment_status":"closed","ping_status":"open","sticky":false,"template":"","format":"standard","meta":{"_monsterinsights_skip_tracking":false,"_monsterinsights_sitenote_active":false,"_monsterinsights_sitenote_note":"","_monsterinsights_sitenote_category":0},"categories":[159],"tags":[160],"aioseo_notices":[],"_links":{"self":[{"href":"https:\/\/architectes.in\/index.php\/wp-json\/wp\/v2\/posts\/9276"}],"collection":[{"href":"https:\/\/architectes.in\/index.php\/wp-json\/wp\/v2\/posts"}],"about":[{"href":"https:\/\/architectes.in\/index.php\/wp-json\/wp\/v2\/types\/post"}],"author":[{"embeddable":true,"href":"https:\/\/architectes.in\/index.php\/wp-json\/wp\/v2\/users\/1"}],"replies":[{"embeddable":true,"href":"https:\/\/architectes.in\/index.php\/wp-json\/wp\/v2\/comments?post=9276"}],"version-history":[{"count":4,"href":"https:\/\/architectes.in\/index.php\/wp-json\/wp\/v2\/posts\/9276\/revisions"}],"predecessor-version":[{"id":9543,"href":"https:\/\/architectes.in\/index.php\/wp-json\/wp\/v2\/posts\/9276\/revisions\/9543"}],"wp:featuredmedia":[{"embeddable":true,"href":"https:\/\/architectes.in\/index.php\/wp-json\/wp\/v2\/media\/9282"}],"wp:attachment":[{"href":"https:\/\/architectes.in\/index.php\/wp-json\/wp\/v2\/media?parent=9276"}],"wp:term":[{"taxonomy":"category","embeddable":true,"href":"https:\/\/architectes.in\/index.php\/wp-json\/wp\/v2\/categories?post=9276"},{"taxonomy":"post_tag","embeddable":true,"href":"https:\/\/architectes.in\/index.php\/wp-json\/wp\/v2\/tags?post=9276"}],"curies":[{"name":"wp","href":"https:\/\/api.w.org\/{rel}","templated":true}]}}