{"id":9268,"date":"2022-06-14T12:11:14","date_gmt":"2022-06-14T10:11:14","guid":{"rendered":"http:\/\/architectes.in\/?p=9268"},"modified":"2022-08-23T10:36:30","modified_gmt":"2022-08-23T08:36:30","slug":"debut-de-maconnerie","status":"publish","type":"post","link":"https:\/\/architectes.in\/index.php\/2022\/06\/14\/debut-de-maconnerie\/","title":{"rendered":"Ma\u00e7onnerie du garage semi-enterr\u00e9"},"content":{"rendered":"<p>El\u00e9vation des murs en b\u00e9ton banch\u00e9, dallage isol\u00e9 et pr\u00e9paration de l&rsquo;\u00e9tanch\u00e9it\u00e9 des murs enterr\u00e9s avec isolant ext\u00e9rieur.<\/p>\n<p><a href=\"https:\/\/architectes.in\/wp-content\/uploads\/2022\/07\/CF2B24C6-9BFB-4192-99C3-F3E0FA2D5FCE_1_105_c.jpeg\"><img loading=\"lazy\" class=\"aligncenter size-large wp-image-9269\" src=\"https:\/\/architectes.in\/wp-content\/uploads\/2022\/07\/CF2B24C6-9BFB-4192-99C3-F3E0FA2D5FCE_1_105_c-1024x768.jpeg\" alt=\"\" width=\"960\" height=\"720\" srcset=\"https:\/\/architectes.in\/wp-content\/uploads\/2022\/07\/CF2B24C6-9BFB-4192-99C3-F3E0FA2D5FCE_1_105_c.jpeg 1024w, https:\/\/architectes.in\/wp-content\/uploads\/2022\/07\/CF2B24C6-9BFB-4192-99C3-F3E0FA2D5FCE_1_105_c-300x225.jpeg 300w, https:\/\/architectes.in\/wp-content\/uploads\/2022\/07\/CF2B24C6-9BFB-4192-99C3-F3E0FA2D5FCE_1_105_c-768x576.jpeg 768w, https:\/\/architectes.in\/wp-content\/uploads\/2022\/07\/CF2B24C6-9BFB-4192-99C3-F3E0FA2D5FCE_1_105_c-400x300.jpeg 400w\" sizes=\"(max-width: 960px) 100vw, 960px\" \/><\/a> <a href=\"https:\/\/architectes.in\/wp-content\/uploads\/2022\/07\/88B977B6-50B9-4434-A29D-41310D9AF3F7_1_105_c.jpeg\"><img loading=\"lazy\" class=\"aligncenter size-large wp-image-9270\" src=\"https:\/\/architectes.in\/wp-content\/uploads\/2022\/07\/88B977B6-50B9-4434-A29D-41310D9AF3F7_1_105_c-1024x768.jpeg\" alt=\"\" width=\"960\" height=\"720\" srcset=\"https:\/\/architectes.in\/wp-content\/uploads\/2022\/07\/88B977B6-50B9-4434-A29D-41310D9AF3F7_1_105_c.jpeg 1024w, https:\/\/architectes.in\/wp-content\/uploads\/2022\/07\/88B977B6-50B9-4434-A29D-41310D9AF3F7_1_105_c-300x225.jpeg 300w, https:\/\/architectes.in\/wp-content\/uploads\/2022\/07\/88B977B6-50B9-4434-A29D-41310D9AF3F7_1_105_c-768x576.jpeg 768w, https:\/\/architectes.in\/wp-content\/uploads\/2022\/07\/88B977B6-50B9-4434-A29D-41310D9AF3F7_1_105_c-400x300.jpeg 400w\" sizes=\"(max-width: 960px) 100vw, 960px\" \/><\/a> <a href=\"https:\/\/architectes.in\/wp-content\/uploads\/2022\/07\/FAAF0AD5-BA8C-4DA1-8191-046125900583_1_105_c.jpeg\"><img loading=\"lazy\" class=\"aligncenter size-large wp-image-9271\" src=\"https:\/\/architectes.in\/wp-content\/uploads\/2022\/07\/FAAF0AD5-BA8C-4DA1-8191-046125900583_1_105_c-1024x768.jpeg\" alt=\"\" width=\"960\" height=\"720\" srcset=\"https:\/\/architectes.in\/wp-content\/uploads\/2022\/07\/FAAF0AD5-BA8C-4DA1-8191-046125900583_1_105_c.jpeg 1024w, https:\/\/architectes.in\/wp-content\/uploads\/2022\/07\/FAAF0AD5-BA8C-4DA1-8191-046125900583_1_105_c-300x225.jpeg 300w, https:\/\/architectes.in\/wp-content\/uploads\/2022\/07\/FAAF0AD5-BA8C-4DA1-8191-046125900583_1_105_c-768x576.jpeg 768w, https:\/\/architectes.in\/wp-content\/uploads\/2022\/07\/FAAF0AD5-BA8C-4DA1-8191-046125900583_1_105_c-400x300.jpeg 400w\" sizes=\"(max-width: 960px) 100vw, 960px\" \/><\/a> <a href=\"https:\/\/architectes.in\/wp-content\/uploads\/2022\/07\/76A72E2F-4C35-41BA-AA93-D5510FA62AC5_1_105_c.jpeg\"><img loading=\"lazy\" class=\"aligncenter size-large wp-image-9272\" src=\"https:\/\/architectes.in\/wp-content\/uploads\/2022\/07\/76A72E2F-4C35-41BA-AA93-D5510FA62AC5_1_105_c-1024x768.jpeg\" alt=\"\" width=\"960\" height=\"720\" srcset=\"https:\/\/architectes.in\/wp-content\/uploads\/2022\/07\/76A72E2F-4C35-41BA-AA93-D5510FA62AC5_1_105_c.jpeg 1024w, https:\/\/architectes.in\/wp-content\/uploads\/2022\/07\/76A72E2F-4C35-41BA-AA93-D5510FA62AC5_1_105_c-300x225.jpeg 300w, https:\/\/architectes.in\/wp-content\/uploads\/2022\/07\/76A72E2F-4C35-41BA-AA93-D5510FA62AC5_1_105_c-768x576.jpeg 768w, https:\/\/architectes.in\/wp-content\/uploads\/2022\/07\/76A72E2F-4C35-41BA-AA93-D5510FA62AC5_1_105_c-400x300.jpeg 400w\" sizes=\"(max-width: 960px) 100vw, 960px\" \/><\/a> <a href=\"https:\/\/architectes.in\/wp-content\/uploads\/2022\/07\/AB156BB8-ECE2-41F3-B546-C992E4455235_1_105_c.jpeg\"><img loading=\"lazy\" class=\"aligncenter size-large wp-image-9273\" src=\"https:\/\/architectes.in\/wp-content\/uploads\/2022\/07\/AB156BB8-ECE2-41F3-B546-C992E4455235_1_105_c-1024x768.jpeg\" alt=\"\" width=\"960\" height=\"720\" srcset=\"https:\/\/architectes.in\/wp-content\/uploads\/2022\/07\/AB156BB8-ECE2-41F3-B546-C992E4455235_1_105_c.jpeg 1024w, https:\/\/architectes.in\/wp-content\/uploads\/2022\/07\/AB156BB8-ECE2-41F3-B546-C992E4455235_1_105_c-300x225.jpeg 300w, https:\/\/architectes.in\/wp-content\/uploads\/2022\/07\/AB156BB8-ECE2-41F3-B546-C992E4455235_1_105_c-768x576.jpeg 768w, https:\/\/architectes.in\/wp-content\/uploads\/2022\/07\/AB156BB8-ECE2-41F3-B546-C992E4455235_1_105_c-400x300.jpeg 400w\" sizes=\"(max-width: 960px) 100vw, 960px\" \/><\/a> <a href=\"https:\/\/architectes.in\/wp-content\/uploads\/2022\/07\/76B2B01C-2F80-4E9B-A1C4-4CC6CA503ABE_1_105_c.jpeg\"><img loading=\"lazy\" class=\"aligncenter size-large wp-image-9274\" src=\"https:\/\/architectes.in\/wp-content\/uploads\/2022\/07\/76B2B01C-2F80-4E9B-A1C4-4CC6CA503ABE_1_105_c-1024x768.jpeg\" alt=\"\" width=\"960\" height=\"720\" srcset=\"https:\/\/architectes.in\/wp-content\/uploads\/2022\/07\/76B2B01C-2F80-4E9B-A1C4-4CC6CA503ABE_1_105_c.jpeg 1024w, https:\/\/architectes.in\/wp-content\/uploads\/2022\/07\/76B2B01C-2F80-4E9B-A1C4-4CC6CA503ABE_1_105_c-300x225.jpeg 300w, https:\/\/architectes.in\/wp-content\/uploads\/2022\/07\/76B2B01C-2F80-4E9B-A1C4-4CC6CA503ABE_1_105_c-768x576.jpeg 768w, https:\/\/architectes.in\/wp-content\/uploads\/2022\/07\/76B2B01C-2F80-4E9B-A1C4-4CC6CA503ABE_1_105_c-400x300.jpeg 400w\" sizes=\"(max-width: 960px) 100vw, 960px\" \/><\/a><\/p>\n","protected":false},"excerpt":{"rendered":"<p>El\u00e9vation des murs en b\u00e9ton banch\u00e9, dallage isol\u00e9 et pr\u00e9paration de l&rsquo;\u00e9tanch\u00e9it\u00e9 des murs enterr\u00e9s avec isolant ext\u00e9rieur.<\/p>\n","protected":false},"author":1,"featured_media":9271,"comment_status":"closed","ping_status":"open","sticky":false,"template":"","format":"standard","meta":{"_monsterinsights_skip_tracking":false,"_monsterinsights_sitenote_active":false,"_monsterinsights_sitenote_note":"","_monsterinsights_sitenote_category":0},"categories":[159,1],"tags":[160],"aioseo_notices":[],"_links":{"self":[{"href":"https:\/\/architectes.in\/index.php\/wp-json\/wp\/v2\/posts\/9268"}],"collection":[{"href":"https:\/\/architectes.in\/index.php\/wp-json\/wp\/v2\/posts"}],"about":[{"href":"https:\/\/architectes.in\/index.php\/wp-json\/wp\/v2\/types\/post"}],"author":[{"embeddable":true,"href":"https:\/\/architectes.in\/index.php\/wp-json\/wp\/v2\/users\/1"}],"replies":[{"embeddable":true,"href":"https:\/\/architectes.in\/index.php\/wp-json\/wp\/v2\/comments?post=9268"}],"version-history":[{"count":3,"href":"https:\/\/architectes.in\/index.php\/wp-json\/wp\/v2\/posts\/9268\/revisions"}],"predecessor-version":[{"id":9563,"href":"https:\/\/architectes.in\/index.php\/wp-json\/wp\/v2\/posts\/9268\/revisions\/9563"}],"wp:featuredmedia":[{"embeddable":true,"href":"https:\/\/architectes.in\/index.php\/wp-json\/wp\/v2\/media\/9271"}],"wp:attachment":[{"href":"https:\/\/architectes.in\/index.php\/wp-json\/wp\/v2\/media?parent=9268"}],"wp:term":[{"taxonomy":"category","embeddable":true,"href":"https:\/\/architectes.in\/index.php\/wp-json\/wp\/v2\/categories?post=9268"},{"taxonomy":"post_tag","embeddable":true,"href":"https:\/\/architectes.in\/index.php\/wp-json\/wp\/v2\/tags?post=9268"}],"curies":[{"name":"wp","href":"https:\/\/api.w.org\/{rel}","templated":true}]}}