{"id":9260,"date":"2022-05-03T12:05:42","date_gmt":"2022-05-03T10:05:42","guid":{"rendered":"http:\/\/architectes.in\/?p=9260"},"modified":"2022-07-06T17:28:55","modified_gmt":"2022-07-06T15:28:55","slug":"terrassement-du-terrain","status":"publish","type":"post","link":"https:\/\/architectes.in\/index.php\/2022\/05\/03\/terrassement-du-terrain\/","title":{"rendered":"Terrassement du terrain"},"content":{"rendered":"<p>Extraction et d\u00e9caissement du terrain de la parcelle pour pr\u00e9parer le site \u00e0 accueillir le projet, avec protection des pentes des parois de terre pour \u00e9viter les d\u00e9placements de sols.<\/p>\n<p><a href=\"https:\/\/architectes.in\/wp-content\/uploads\/2022\/07\/8727658C-7E14-4354-BF66-D05BA30E7663_1_105_c-1.jpeg\"><img loading=\"lazy\" class=\"aligncenter size-large wp-image-9264\" src=\"https:\/\/architectes.in\/wp-content\/uploads\/2022\/07\/8727658C-7E14-4354-BF66-D05BA30E7663_1_105_c-1-1024x768.jpeg\" alt=\"\" width=\"960\" height=\"720\" srcset=\"https:\/\/architectes.in\/wp-content\/uploads\/2022\/07\/8727658C-7E14-4354-BF66-D05BA30E7663_1_105_c-1.jpeg 1024w, https:\/\/architectes.in\/wp-content\/uploads\/2022\/07\/8727658C-7E14-4354-BF66-D05BA30E7663_1_105_c-1-300x225.jpeg 300w, https:\/\/architectes.in\/wp-content\/uploads\/2022\/07\/8727658C-7E14-4354-BF66-D05BA30E7663_1_105_c-1-768x576.jpeg 768w, https:\/\/architectes.in\/wp-content\/uploads\/2022\/07\/8727658C-7E14-4354-BF66-D05BA30E7663_1_105_c-1-400x300.jpeg 400w\" sizes=\"(max-width: 960px) 100vw, 960px\" \/><\/a><a href=\"https:\/\/architectes.in\/wp-content\/uploads\/2022\/07\/AF85A151-65B1-41BF-BC38-54FFF4A998F3_1_105_c.jpeg\"><img loading=\"lazy\" class=\"aligncenter size-large wp-image-9265\" src=\"https:\/\/architectes.in\/wp-content\/uploads\/2022\/07\/AF85A151-65B1-41BF-BC38-54FFF4A998F3_1_105_c-1024x768.jpeg\" alt=\"\" width=\"960\" height=\"720\" srcset=\"https:\/\/architectes.in\/wp-content\/uploads\/2022\/07\/AF85A151-65B1-41BF-BC38-54FFF4A998F3_1_105_c.jpeg 1024w, https:\/\/architectes.in\/wp-content\/uploads\/2022\/07\/AF85A151-65B1-41BF-BC38-54FFF4A998F3_1_105_c-300x225.jpeg 300w, https:\/\/architectes.in\/wp-content\/uploads\/2022\/07\/AF85A151-65B1-41BF-BC38-54FFF4A998F3_1_105_c-768x576.jpeg 768w, https:\/\/architectes.in\/wp-content\/uploads\/2022\/07\/AF85A151-65B1-41BF-BC38-54FFF4A998F3_1_105_c-400x300.jpeg 400w\" sizes=\"(max-width: 960px) 100vw, 960px\" \/><\/a> <a href=\"https:\/\/architectes.in\/wp-content\/uploads\/2022\/07\/DB76E58B-130B-4228-8738-24A5A40AAFC4_1_105_c-1.jpeg\"><img loading=\"lazy\" class=\"aligncenter size-large wp-image-9266\" src=\"https:\/\/architectes.in\/wp-content\/uploads\/2022\/07\/DB76E58B-130B-4228-8738-24A5A40AAFC4_1_105_c-1-1024x768.jpeg\" alt=\"\" width=\"960\" height=\"720\" srcset=\"https:\/\/architectes.in\/wp-content\/uploads\/2022\/07\/DB76E58B-130B-4228-8738-24A5A40AAFC4_1_105_c-1.jpeg 1024w, https:\/\/architectes.in\/wp-content\/uploads\/2022\/07\/DB76E58B-130B-4228-8738-24A5A40AAFC4_1_105_c-1-300x225.jpeg 300w, https:\/\/architectes.in\/wp-content\/uploads\/2022\/07\/DB76E58B-130B-4228-8738-24A5A40AAFC4_1_105_c-1-768x576.jpeg 768w, https:\/\/architectes.in\/wp-content\/uploads\/2022\/07\/DB76E58B-130B-4228-8738-24A5A40AAFC4_1_105_c-1-400x300.jpeg 400w\" sizes=\"(max-width: 960px) 100vw, 960px\" \/><\/a><\/p>\n","protected":false},"excerpt":{"rendered":"<p>Extraction et d\u00e9caissement du terrain de la parcelle pour pr\u00e9parer le site \u00e0 accueillir le projet, avec protection des pentes des parois de terre pour \u00e9viter les d\u00e9placements de sols.<\/p>\n","protected":false},"author":1,"featured_media":9264,"comment_status":"closed","ping_status":"open","sticky":false,"template":"","format":"standard","meta":{"_monsterinsights_skip_tracking":false,"_monsterinsights_sitenote_active":false,"_monsterinsights_sitenote_note":"","_monsterinsights_sitenote_category":0},"categories":[159],"tags":[160],"aioseo_notices":[],"_links":{"self":[{"href":"https:\/\/architectes.in\/index.php\/wp-json\/wp\/v2\/posts\/9260"}],"collection":[{"href":"https:\/\/architectes.in\/index.php\/wp-json\/wp\/v2\/posts"}],"about":[{"href":"https:\/\/architectes.in\/index.php\/wp-json\/wp\/v2\/types\/post"}],"author":[{"embeddable":true,"href":"https:\/\/architectes.in\/index.php\/wp-json\/wp\/v2\/users\/1"}],"replies":[{"embeddable":true,"href":"https:\/\/architectes.in\/index.php\/wp-json\/wp\/v2\/comments?post=9260"}],"version-history":[{"count":3,"href":"https:\/\/architectes.in\/index.php\/wp-json\/wp\/v2\/posts\/9260\/revisions"}],"predecessor-version":[{"id":9390,"href":"https:\/\/architectes.in\/index.php\/wp-json\/wp\/v2\/posts\/9260\/revisions\/9390"}],"wp:featuredmedia":[{"embeddable":true,"href":"https:\/\/architectes.in\/index.php\/wp-json\/wp\/v2\/media\/9264"}],"wp:attachment":[{"href":"https:\/\/architectes.in\/index.php\/wp-json\/wp\/v2\/media?parent=9260"}],"wp:term":[{"taxonomy":"category","embeddable":true,"href":"https:\/\/architectes.in\/index.php\/wp-json\/wp\/v2\/categories?post=9260"},{"taxonomy":"post_tag","embeddable":true,"href":"https:\/\/architectes.in\/index.php\/wp-json\/wp\/v2\/tags?post=9260"}],"curies":[{"name":"wp","href":"https:\/\/api.w.org\/{rel}","templated":true}]}}