{"id":8761,"date":"2022-06-15T17:13:43","date_gmt":"2022-06-15T15:13:43","guid":{"rendered":"http:\/\/architectes.in\/?p=8761"},"modified":"2022-08-23T10:02:47","modified_gmt":"2022-08-23T08:02:47","slug":"terrassement-preparation-fondations","status":"publish","type":"post","link":"https:\/\/architectes.in\/index.php\/2022\/06\/15\/terrassement-preparation-fondations\/","title":{"rendered":"Terrassement, implantation et fondations des maisons jumelles"},"content":{"rendered":"<p>Les plateformes des deux constructions sont terrass\u00e9es et l&rsquo;implantation r\u00e9alis\u00e9e, la ma\u00e7onnerie des dallages, garages et soubassements a commenc\u00e9.<\/p>\n<div id=\"attachment_8764\" style=\"width: 3466px\" class=\"wp-caption alignnone\"><img aria-describedby=\"caption-attachment-8764\" loading=\"lazy\" class=\"size-full wp-image-8764\" src=\"https:\/\/architectes.in\/wp-content\/uploads\/2022\/06\/IMG_20220614_091954.jpg\" alt=\"\" width=\"3456\" height=\"4608\" srcset=\"https:\/\/architectes.in\/wp-content\/uploads\/2022\/06\/IMG_20220614_091954.jpg 3456w, https:\/\/architectes.in\/wp-content\/uploads\/2022\/06\/IMG_20220614_091954-225x300.jpg 225w, https:\/\/architectes.in\/wp-content\/uploads\/2022\/06\/IMG_20220614_091954-768x1024.jpg 768w\" sizes=\"(max-width: 3456px) 100vw, 3456px\" \/><p id=\"caption-attachment-8764\" class=\"wp-caption-text\">Trac\u00e9 des fouilles de fondation.<\/p><\/div>\n<p><img loading=\"lazy\" class=\"size-full wp-image-8766\" src=\"https:\/\/architectes.in\/wp-content\/uploads\/2022\/06\/IMG_20220614_092011.jpg\" alt=\"\" width=\"3456\" height=\"4608\" srcset=\"https:\/\/architectes.in\/wp-content\/uploads\/2022\/06\/IMG_20220614_092011.jpg 3456w, https:\/\/architectes.in\/wp-content\/uploads\/2022\/06\/IMG_20220614_092011-225x300.jpg 225w, https:\/\/architectes.in\/wp-content\/uploads\/2022\/06\/IMG_20220614_092011-768x1024.jpg 768w\" sizes=\"(max-width: 3456px) 100vw, 3456px\" \/><\/p>\n<p><img loading=\"lazy\" class=\"size-full wp-image-8765\" src=\"https:\/\/architectes.in\/wp-content\/uploads\/2022\/06\/IMG_20220614_092508.jpg\" alt=\"\" width=\"4608\" height=\"3456\" srcset=\"https:\/\/architectes.in\/wp-content\/uploads\/2022\/06\/IMG_20220614_092508.jpg 4608w, https:\/\/architectes.in\/wp-content\/uploads\/2022\/06\/IMG_20220614_092508-300x225.jpg 300w, https:\/\/architectes.in\/wp-content\/uploads\/2022\/06\/IMG_20220614_092508-768x576.jpg 768w, https:\/\/architectes.in\/wp-content\/uploads\/2022\/06\/IMG_20220614_092508-1024x768.jpg 1024w, https:\/\/architectes.in\/wp-content\/uploads\/2022\/06\/IMG_20220614_092508-400x300.jpg 400w\" sizes=\"(max-width: 4608px) 100vw, 4608px\" \/><\/p>\n<div id=\"attachment_8762\" style=\"width: 3466px\" class=\"wp-caption alignnone\"><img aria-describedby=\"caption-attachment-8762\" loading=\"lazy\" class=\"size-full wp-image-8762\" src=\"https:\/\/architectes.in\/wp-content\/uploads\/2022\/06\/IMG_20220614_091058.jpg\" alt=\"\" width=\"3456\" height=\"4608\" srcset=\"https:\/\/architectes.in\/wp-content\/uploads\/2022\/06\/IMG_20220614_091058.jpg 3456w, https:\/\/architectes.in\/wp-content\/uploads\/2022\/06\/IMG_20220614_091058-225x300.jpg 225w, https:\/\/architectes.in\/wp-content\/uploads\/2022\/06\/IMG_20220614_091058-768x1024.jpg 768w\" sizes=\"(max-width: 3456px) 100vw, 3456px\" \/><p id=\"caption-attachment-8762\" class=\"wp-caption-text\">Les strates des diff\u00e9rentes natures de sol apparaissent, ancrage des fondations dans un horizon de schiste.<\/p><\/div>\n<div id=\"attachment_8774\" style=\"width: 4618px\" class=\"wp-caption alignnone\"><img aria-describedby=\"caption-attachment-8774\" loading=\"lazy\" class=\"size-full wp-image-8774\" src=\"https:\/\/architectes.in\/wp-content\/uploads\/2022\/06\/IMG_20220614_093626.jpg\" alt=\"\" width=\"4608\" height=\"3456\" srcset=\"https:\/\/architectes.in\/wp-content\/uploads\/2022\/06\/IMG_20220614_093626.jpg 4608w, https:\/\/architectes.in\/wp-content\/uploads\/2022\/06\/IMG_20220614_093626-300x225.jpg 300w, https:\/\/architectes.in\/wp-content\/uploads\/2022\/06\/IMG_20220614_093626-768x576.jpg 768w, https:\/\/architectes.in\/wp-content\/uploads\/2022\/06\/IMG_20220614_093626-1024x768.jpg 1024w, https:\/\/architectes.in\/wp-content\/uploads\/2022\/06\/IMG_20220614_093626-400x300.jpg 400w\" sizes=\"(max-width: 4608px) 100vw, 4608px\" \/><p id=\"caption-attachment-8774\" class=\"wp-caption-text\">Les murs de soubassement ma\u00e7onn\u00e9s sont \u00e9lev\u00e9s et pr\u00eats \u00e0 recevoir les murs ossature bois.<\/p><\/div>\n<div id=\"attachment_8775\" style=\"width: 4618px\" class=\"wp-caption alignnone\"><img aria-describedby=\"caption-attachment-8775\" loading=\"lazy\" class=\"size-full wp-image-8775\" src=\"https:\/\/architectes.in\/wp-content\/uploads\/2022\/06\/IMG_20220614_093057.jpg\" alt=\"\" width=\"4608\" height=\"3456\" srcset=\"https:\/\/architectes.in\/wp-content\/uploads\/2022\/06\/IMG_20220614_093057.jpg 4608w, https:\/\/architectes.in\/wp-content\/uploads\/2022\/06\/IMG_20220614_093057-300x225.jpg 300w, https:\/\/architectes.in\/wp-content\/uploads\/2022\/06\/IMG_20220614_093057-768x576.jpg 768w, https:\/\/architectes.in\/wp-content\/uploads\/2022\/06\/IMG_20220614_093057-1024x768.jpg 1024w, https:\/\/architectes.in\/wp-content\/uploads\/2022\/06\/IMG_20220614_093057-400x300.jpg 400w\" sizes=\"(max-width: 4608px) 100vw, 4608px\" \/><p id=\"caption-attachment-8775\" class=\"wp-caption-text\">Mise en place des r\u00e9seaux sous dallage : Elec, T\u00e9l\u00e9com, arriv\u00e9es eau potable, \u00e9vacuations eaux us\u00e9es.<\/p><\/div>\n","protected":false},"excerpt":{"rendered":"<p>Les plateformes des deux constructions sont terrass\u00e9es et l&rsquo;implantation r\u00e9alis\u00e9e, la ma\u00e7onnerie des dallages, garages et soubassements a commenc\u00e9.<\/p>\n","protected":false},"author":1,"featured_media":8774,"comment_status":"closed","ping_status":"open","sticky":false,"template":"","format":"standard","meta":{"_monsterinsights_skip_tracking":false,"_monsterinsights_sitenote_active":false,"_monsterinsights_sitenote_note":"","_monsterinsights_sitenote_category":0},"categories":[155],"tags":[156],"aioseo_notices":[],"_links":{"self":[{"href":"https:\/\/architectes.in\/index.php\/wp-json\/wp\/v2\/posts\/8761"}],"collection":[{"href":"https:\/\/architectes.in\/index.php\/wp-json\/wp\/v2\/posts"}],"about":[{"href":"https:\/\/architectes.in\/index.php\/wp-json\/wp\/v2\/types\/post"}],"author":[{"embeddable":true,"href":"https:\/\/architectes.in\/index.php\/wp-json\/wp\/v2\/users\/1"}],"replies":[{"embeddable":true,"href":"https:\/\/architectes.in\/index.php\/wp-json\/wp\/v2\/comments?post=8761"}],"version-history":[{"count":9,"href":"https:\/\/architectes.in\/index.php\/wp-json\/wp\/v2\/posts\/8761\/revisions"}],"predecessor-version":[{"id":9555,"href":"https:\/\/architectes.in\/index.php\/wp-json\/wp\/v2\/posts\/8761\/revisions\/9555"}],"wp:featuredmedia":[{"embeddable":true,"href":"https:\/\/architectes.in\/index.php\/wp-json\/wp\/v2\/media\/8774"}],"wp:attachment":[{"href":"https:\/\/architectes.in\/index.php\/wp-json\/wp\/v2\/media?parent=8761"}],"wp:term":[{"taxonomy":"category","embeddable":true,"href":"https:\/\/architectes.in\/index.php\/wp-json\/wp\/v2\/categories?post=8761"},{"taxonomy":"post_tag","embeddable":true,"href":"https:\/\/architectes.in\/index.php\/wp-json\/wp\/v2\/tags?post=8761"}],"curies":[{"name":"wp","href":"https:\/\/api.w.org\/{rel}","templated":true}]}}