{"id":8523,"date":"2018-11-10T17:33:00","date_gmt":"2018-11-10T16:33:00","guid":{"rendered":"http:\/\/architectes.in\/?p=8523"},"modified":"2020-04-30T17:41:43","modified_gmt":"2020-04-30T15:41:43","slug":"realisation-separatifs-bois","status":"publish","type":"post","link":"https:\/\/architectes.in\/index.php\/2018\/11\/10\/realisation-separatifs-bois\/","title":{"rendered":"R\u00e9alisation des s\u00e9paratifs en bois"},"content":{"rendered":"<p>R\u00e9alisation des s\u00e9paratifs en bois sur le pignon de la maison.<\/p>\n<p><img loading=\"lazy\" class=\"alignnone size-full wp-image-7664\" src=\"https:\/\/architectes.in\/wp-content\/uploads\/2018\/01\/IMG_4198-copie-copy.jpg\" alt=\"\" width=\"846\" height=\"1175\" srcset=\"https:\/\/architectes.in\/wp-content\/uploads\/2018\/01\/IMG_4198-copie-copy.jpg 846w, https:\/\/architectes.in\/wp-content\/uploads\/2018\/01\/IMG_4198-copie-copy-216x300.jpg 216w, https:\/\/architectes.in\/wp-content\/uploads\/2018\/01\/IMG_4198-copie-copy-768x1067.jpg 768w, https:\/\/architectes.in\/wp-content\/uploads\/2018\/01\/IMG_4198-copie-copy-737x1024.jpg 737w\" sizes=\"(max-width: 846px) 100vw, 846px\" \/><\/p>\n<p><img loading=\"lazy\" class=\"alignnone size-full wp-image-7671\" src=\"https:\/\/architectes.in\/wp-content\/uploads\/2018\/01\/IMG_4261-copy.jpg\" alt=\"\" width=\"895\" height=\"1233\" srcset=\"https:\/\/architectes.in\/wp-content\/uploads\/2018\/01\/IMG_4261-copy.jpg 895w, https:\/\/architectes.in\/wp-content\/uploads\/2018\/01\/IMG_4261-copy-218x300.jpg 218w, https:\/\/architectes.in\/wp-content\/uploads\/2018\/01\/IMG_4261-copy-768x1058.jpg 768w, https:\/\/architectes.in\/wp-content\/uploads\/2018\/01\/IMG_4261-copy-743x1024.jpg 743w\" sizes=\"(max-width: 895px) 100vw, 895px\" \/> <img loading=\"lazy\" class=\"alignnone size-full wp-image-7667\" src=\"https:\/\/architectes.in\/wp-content\/uploads\/2018\/01\/IMG_4262.jpg\" alt=\"\" width=\"960\" height=\"1280\" srcset=\"https:\/\/architectes.in\/wp-content\/uploads\/2018\/01\/IMG_4262.jpg 960w, https:\/\/architectes.in\/wp-content\/uploads\/2018\/01\/IMG_4262-225x300.jpg 225w, https:\/\/architectes.in\/wp-content\/uploads\/2018\/01\/IMG_4262-768x1024.jpg 768w\" sizes=\"(max-width: 960px) 100vw, 960px\" \/><\/p>\n","protected":false},"excerpt":{"rendered":"<p>R\u00e9alisation des s\u00e9paratifs en bois sur le pignon de la maison.<\/p>\n","protected":false},"author":6,"featured_media":7671,"comment_status":"closed","ping_status":"open","sticky":false,"template":"","format":"standard","meta":{"_monsterinsights_skip_tracking":false,"_monsterinsights_sitenote_active":false,"_monsterinsights_sitenote_note":"","_monsterinsights_sitenote_category":0},"categories":[148],"tags":[154,149],"aioseo_notices":[],"_links":{"self":[{"href":"https:\/\/architectes.in\/index.php\/wp-json\/wp\/v2\/posts\/8523"}],"collection":[{"href":"https:\/\/architectes.in\/index.php\/wp-json\/wp\/v2\/posts"}],"about":[{"href":"https:\/\/architectes.in\/index.php\/wp-json\/wp\/v2\/types\/post"}],"author":[{"embeddable":true,"href":"https:\/\/architectes.in\/index.php\/wp-json\/wp\/v2\/users\/6"}],"replies":[{"embeddable":true,"href":"https:\/\/architectes.in\/index.php\/wp-json\/wp\/v2\/comments?post=8523"}],"version-history":[{"count":1,"href":"https:\/\/architectes.in\/index.php\/wp-json\/wp\/v2\/posts\/8523\/revisions"}],"predecessor-version":[{"id":8524,"href":"https:\/\/architectes.in\/index.php\/wp-json\/wp\/v2\/posts\/8523\/revisions\/8524"}],"wp:featuredmedia":[{"embeddable":true,"href":"https:\/\/architectes.in\/index.php\/wp-json\/wp\/v2\/media\/7671"}],"wp:attachment":[{"href":"https:\/\/architectes.in\/index.php\/wp-json\/wp\/v2\/media?parent=8523"}],"wp:term":[{"taxonomy":"category","embeddable":true,"href":"https:\/\/architectes.in\/index.php\/wp-json\/wp\/v2\/categories?post=8523"},{"taxonomy":"post_tag","embeddable":true,"href":"https:\/\/architectes.in\/index.php\/wp-json\/wp\/v2\/tags?post=8523"}],"curies":[{"name":"wp","href":"https:\/\/api.w.org\/{rel}","templated":true}]}}