{"id":8446,"date":"2018-06-20T15:40:21","date_gmt":"2018-06-20T13:40:21","guid":{"rendered":"http:\/\/architectes.in\/?p=8446"},"modified":"2020-04-30T15:44:53","modified_gmt":"2020-04-30T13:44:53","slug":"chalet-desormais-protege-intemperies","status":"publish","type":"post","link":"https:\/\/architectes.in\/index.php\/2018\/06\/20\/chalet-desormais-protege-intemperies\/","title":{"rendered":"Le chalet est d\u00e9sormais prot\u00e9g\u00e9 des intemp\u00e9ries"},"content":{"rendered":"<p>Les couvreurs finissent leur intervention afin de mettre hors d&rsquo;eau le projet de Caroll et Dominique. Prochaine \u00e9tape la pose des menuiseries.<\/p>\n<p><img loading=\"lazy\" class=\"alignnone size-large wp-image-8447\" src=\"https:\/\/architectes.in\/wp-content\/uploads\/2020\/04\/IMG_3197-768x1024.jpg\" alt=\"\" width=\"768\" height=\"1024\" srcset=\"https:\/\/architectes.in\/wp-content\/uploads\/2020\/04\/IMG_3197-768x1024.jpg 768w, https:\/\/architectes.in\/wp-content\/uploads\/2020\/04\/IMG_3197-225x300.jpg 225w, https:\/\/architectes.in\/wp-content\/uploads\/2020\/04\/IMG_3197.jpg 960w\" sizes=\"(max-width: 768px) 100vw, 768px\" \/><\/p>\n","protected":false},"excerpt":{"rendered":"<p>Les couvreurs finissent leur intervention afin de mettre hors d&rsquo;eau le projet de Caroll et Dominique. Prochaine \u00e9tape la pose des menuiseries.<\/p>\n","protected":false},"author":5,"featured_media":8448,"comment_status":"closed","ping_status":"open","sticky":false,"template":"","format":"standard","meta":{"_monsterinsights_skip_tracking":false,"_monsterinsights_sitenote_active":false,"_monsterinsights_sitenote_note":"","_monsterinsights_sitenote_category":0},"categories":[147],"tags":[109],"aioseo_notices":[],"_links":{"self":[{"href":"https:\/\/architectes.in\/index.php\/wp-json\/wp\/v2\/posts\/8446"}],"collection":[{"href":"https:\/\/architectes.in\/index.php\/wp-json\/wp\/v2\/posts"}],"about":[{"href":"https:\/\/architectes.in\/index.php\/wp-json\/wp\/v2\/types\/post"}],"author":[{"embeddable":true,"href":"https:\/\/architectes.in\/index.php\/wp-json\/wp\/v2\/users\/5"}],"replies":[{"embeddable":true,"href":"https:\/\/architectes.in\/index.php\/wp-json\/wp\/v2\/comments?post=8446"}],"version-history":[{"count":1,"href":"https:\/\/architectes.in\/index.php\/wp-json\/wp\/v2\/posts\/8446\/revisions"}],"predecessor-version":[{"id":8449,"href":"https:\/\/architectes.in\/index.php\/wp-json\/wp\/v2\/posts\/8446\/revisions\/8449"}],"wp:featuredmedia":[{"embeddable":true,"href":"https:\/\/architectes.in\/index.php\/wp-json\/wp\/v2\/media\/8448"}],"wp:attachment":[{"href":"https:\/\/architectes.in\/index.php\/wp-json\/wp\/v2\/media?parent=8446"}],"wp:term":[{"taxonomy":"category","embeddable":true,"href":"https:\/\/architectes.in\/index.php\/wp-json\/wp\/v2\/categories?post=8446"},{"taxonomy":"post_tag","embeddable":true,"href":"https:\/\/architectes.in\/index.php\/wp-json\/wp\/v2\/tags?post=8446"}],"curies":[{"name":"wp","href":"https:\/\/api.w.org\/{rel}","templated":true}]}}