{"id":8286,"date":"2019-06-10T16:25:31","date_gmt":"2019-06-10T14:25:31","guid":{"rendered":"http:\/\/architectes.in\/?p=8286"},"modified":"2020-04-24T16:41:56","modified_gmt":"2020-04-24T14:41:56","slug":"demolition-dune-partie-de-lexistant","status":"publish","type":"post","link":"https:\/\/architectes.in\/index.php\/2019\/06\/10\/demolition-dune-partie-de-lexistant\/","title":{"rendered":"D\u00e9molition d&rsquo;une partie de l&rsquo;existant"},"content":{"rendered":"<p>Le projet de Yannick et Juliette est lanc\u00e9 ! Pour cette r\u00e9habilitation en c\u0153ur d\u2019\u00eelot les ouvriers vont d\u00e9monter pi\u00e8ce par pi\u00e8ce un ancien atelier de serrurerie qui sera transform\u00e9 en deux volumes distincts. Une maison et deux appartements seront r\u00e9alis\u00e9s en deux temps. Le mur de fa\u00e7ade est conserv\u00e9 ainsi que l&#8217;emprise du volume existant. La nouvelle structure sera r\u00e9alis\u00e9e en ossature bois.<\/p>\n<p><img loading=\"lazy\" class=\"alignnone size-large wp-image-8293\" src=\"https:\/\/architectes.in\/wp-content\/uploads\/2020\/04\/IMG_2962-1024x768.jpg\" alt=\"\" width=\"960\" height=\"720\" srcset=\"https:\/\/architectes.in\/wp-content\/uploads\/2020\/04\/IMG_2962-1024x768.jpg 1024w, https:\/\/architectes.in\/wp-content\/uploads\/2020\/04\/IMG_2962-300x225.jpg 300w, https:\/\/architectes.in\/wp-content\/uploads\/2020\/04\/IMG_2962-768x576.jpg 768w, https:\/\/architectes.in\/wp-content\/uploads\/2020\/04\/IMG_2962-400x300.jpg 400w, https:\/\/architectes.in\/wp-content\/uploads\/2020\/04\/IMG_2962.jpg 1280w\" sizes=\"(max-width: 960px) 100vw, 960px\" \/><\/p>\n<p><img loading=\"lazy\" class=\"alignnone size-large wp-image-8288\" src=\"https:\/\/architectes.in\/wp-content\/uploads\/2020\/04\/IMG_5254-1024x768.jpg\" alt=\"\" width=\"960\" height=\"720\" srcset=\"https:\/\/architectes.in\/wp-content\/uploads\/2020\/04\/IMG_5254-1024x768.jpg 1024w, https:\/\/architectes.in\/wp-content\/uploads\/2020\/04\/IMG_5254-300x225.jpg 300w, https:\/\/architectes.in\/wp-content\/uploads\/2020\/04\/IMG_5254-768x576.jpg 768w, https:\/\/architectes.in\/wp-content\/uploads\/2020\/04\/IMG_5254-400x300.jpg 400w, https:\/\/architectes.in\/wp-content\/uploads\/2020\/04\/IMG_5254.jpg 1280w\" sizes=\"(max-width: 960px) 100vw, 960px\" \/><\/p>\n<p><img loading=\"lazy\" class=\"alignnone size-large wp-image-8290\" src=\"https:\/\/architectes.in\/wp-content\/uploads\/2020\/04\/IMG_5536-1024x768.jpg\" alt=\"\" width=\"960\" height=\"720\" srcset=\"https:\/\/architectes.in\/wp-content\/uploads\/2020\/04\/IMG_5536-1024x768.jpg 1024w, https:\/\/architectes.in\/wp-content\/uploads\/2020\/04\/IMG_5536-300x225.jpg 300w, https:\/\/architectes.in\/wp-content\/uploads\/2020\/04\/IMG_5536-768x576.jpg 768w, https:\/\/architectes.in\/wp-content\/uploads\/2020\/04\/IMG_5536-400x300.jpg 400w, https:\/\/architectes.in\/wp-content\/uploads\/2020\/04\/IMG_5536.jpg 1280w\" sizes=\"(max-width: 960px) 100vw, 960px\" \/><\/p>\n<p><img loading=\"lazy\" class=\"alignnone size-large wp-image-8297\" src=\"https:\/\/architectes.in\/wp-content\/uploads\/2020\/04\/IMG_5981-1024x510.jpg\" alt=\"\" width=\"960\" height=\"478\" srcset=\"https:\/\/architectes.in\/wp-content\/uploads\/2020\/04\/IMG_5981-1024x510.jpg 1024w, https:\/\/architectes.in\/wp-content\/uploads\/2020\/04\/IMG_5981-300x150.jpg 300w, https:\/\/architectes.in\/wp-content\/uploads\/2020\/04\/IMG_5981-768x383.jpg 768w, https:\/\/architectes.in\/wp-content\/uploads\/2020\/04\/IMG_5981.jpg 1280w\" sizes=\"(max-width: 960px) 100vw, 960px\" \/><\/p>\n<p>&nbsp;<\/p>\n","protected":false},"excerpt":{"rendered":"<p>Le projet de Yannick et Juliette est lanc\u00e9 ! Pour cette r\u00e9habilitation en c\u0153ur d\u2019\u00eelot les ouvriers vont d\u00e9monter pi\u00e8ce par pi\u00e8ce un ancien atelier de serrurerie qui sera transform\u00e9 en deux volumes distincts. Une maison et deux appartements seront r\u00e9alis\u00e9s en deux temps. Le mur de fa\u00e7ade est conserv\u00e9 ainsi que l&#8217;emprise du volume&#8230; <\/p>\n<div class=\"clear\"><\/div>\n<p><a href=\"https:\/\/architectes.in\/index.php\/2019\/06\/10\/demolition-dune-partie-de-lexistant\/\" class=\"excerpt-read-more\">Read More<\/a><\/p>\n","protected":false},"author":5,"featured_media":8296,"comment_status":"closed","ping_status":"open","sticky":false,"template":"","format":"standard","meta":{"_monsterinsights_skip_tracking":false,"_monsterinsights_sitenote_active":false,"_monsterinsights_sitenote_note":"","_monsterinsights_sitenote_category":0},"categories":[134],"tags":[150],"aioseo_notices":[],"_links":{"self":[{"href":"https:\/\/architectes.in\/index.php\/wp-json\/wp\/v2\/posts\/8286"}],"collection":[{"href":"https:\/\/architectes.in\/index.php\/wp-json\/wp\/v2\/posts"}],"about":[{"href":"https:\/\/architectes.in\/index.php\/wp-json\/wp\/v2\/types\/post"}],"author":[{"embeddable":true,"href":"https:\/\/architectes.in\/index.php\/wp-json\/wp\/v2\/users\/5"}],"replies":[{"embeddable":true,"href":"https:\/\/architectes.in\/index.php\/wp-json\/wp\/v2\/comments?post=8286"}],"version-history":[{"count":1,"href":"https:\/\/architectes.in\/index.php\/wp-json\/wp\/v2\/posts\/8286\/revisions"}],"predecessor-version":[{"id":8301,"href":"https:\/\/architectes.in\/index.php\/wp-json\/wp\/v2\/posts\/8286\/revisions\/8301"}],"wp:featuredmedia":[{"embeddable":true,"href":"https:\/\/architectes.in\/index.php\/wp-json\/wp\/v2\/media\/8296"}],"wp:attachment":[{"href":"https:\/\/architectes.in\/index.php\/wp-json\/wp\/v2\/media?parent=8286"}],"wp:term":[{"taxonomy":"category","embeddable":true,"href":"https:\/\/architectes.in\/index.php\/wp-json\/wp\/v2\/categories?post=8286"},{"taxonomy":"post_tag","embeddable":true,"href":"https:\/\/architectes.in\/index.php\/wp-json\/wp\/v2\/tags?post=8286"}],"curies":[{"name":"wp","href":"https:\/\/api.w.org\/{rel}","templated":true}]}}