{"id":6780,"date":"2016-11-05T14:26:26","date_gmt":"2016-11-05T13:26:26","guid":{"rendered":"http:\/\/architectes.in\/?p=6780"},"modified":"2020-04-24T14:42:27","modified_gmt":"2020-04-24T12:42:27","slug":"villa-delphine-pascal-fin-des-travaux-de-maconnerie","status":"publish","type":"post","link":"https:\/\/architectes.in\/index.php\/2016\/11\/05\/villa-delphine-pascal-fin-des-travaux-de-maconnerie\/","title":{"rendered":"Fin des travaux de ma\u00e7onnerie"},"content":{"rendered":"<p><strong>Les arases de murs sont r\u00e9alis\u00e9es.<\/strong>\u00a0Le ma\u00e7on coule le cha\u00eenage p\u00e9riph\u00e9rique qui, comme son nom l&rsquo;indique, ceinture la construction en haut des murs.<\/p>\n<p><a href=\"http:\/\/www.inextensa.com\/wp-content\/uploads\/2016\/11\/20161108_152801.jpeg\"><img loading=\"lazy\" class=\"alignnone wp-image-4433\" src=\"http:\/\/www.inextensa.com\/wp-content\/uploads\/2016\/11\/20161108_152801.jpeg\" alt=\"20161108_152801\" width=\"624\" height=\"1109\" \/><\/a><\/p>\n<p>Les charpentiers attaquent\u00a0le plancher de la mezzanine du salon.<\/p>\n<p><a href=\"http:\/\/www.inextensa.com\/wp-content\/uploads\/2016\/11\/20161103_122349.tronqu\u00e9.jpg\"><img loading=\"lazy\" class=\"alignnone wp-image-4435\" src=\"http:\/\/www.inextensa.com\/wp-content\/uploads\/2016\/11\/20161103_122349.tronqu\u00e9.jpg\" alt=\"20161103_122349-tronque\" width=\"624\" height=\"373\" \/><\/a><\/p>\n","protected":false},"excerpt":{"rendered":"<p>Les arases de murs sont r\u00e9alis\u00e9es.\u00a0Le ma\u00e7on coule le cha\u00eenage p\u00e9riph\u00e9rique qui, comme son nom l&rsquo;indique, ceinture la construction en haut des murs. Les charpentiers attaquent\u00a0le plancher de la mezzanine du salon.<\/p>\n","protected":false},"author":1,"featured_media":6824,"comment_status":"open","ping_status":"open","sticky":false,"template":"","format":"standard","meta":{"_monsterinsights_skip_tracking":false,"_monsterinsights_sitenote_active":false,"_monsterinsights_sitenote_note":"","_monsterinsights_sitenote_category":0},"categories":[139],"tags":[77,140,74],"aioseo_notices":[],"_links":{"self":[{"href":"https:\/\/architectes.in\/index.php\/wp-json\/wp\/v2\/posts\/6780"}],"collection":[{"href":"https:\/\/architectes.in\/index.php\/wp-json\/wp\/v2\/posts"}],"about":[{"href":"https:\/\/architectes.in\/index.php\/wp-json\/wp\/v2\/types\/post"}],"author":[{"embeddable":true,"href":"https:\/\/architectes.in\/index.php\/wp-json\/wp\/v2\/users\/1"}],"replies":[{"embeddable":true,"href":"https:\/\/architectes.in\/index.php\/wp-json\/wp\/v2\/comments?post=6780"}],"version-history":[{"count":3,"href":"https:\/\/architectes.in\/index.php\/wp-json\/wp\/v2\/posts\/6780\/revisions"}],"predecessor-version":[{"id":8156,"href":"https:\/\/architectes.in\/index.php\/wp-json\/wp\/v2\/posts\/6780\/revisions\/8156"}],"wp:featuredmedia":[{"embeddable":true,"href":"https:\/\/architectes.in\/index.php\/wp-json\/wp\/v2\/media\/6824"}],"wp:attachment":[{"href":"https:\/\/architectes.in\/index.php\/wp-json\/wp\/v2\/media?parent=6780"}],"wp:term":[{"taxonomy":"category","embeddable":true,"href":"https:\/\/architectes.in\/index.php\/wp-json\/wp\/v2\/categories?post=6780"},{"taxonomy":"post_tag","embeddable":true,"href":"https:\/\/architectes.in\/index.php\/wp-json\/wp\/v2\/tags?post=6780"}],"curies":[{"name":"wp","href":"https:\/\/api.w.org\/{rel}","templated":true}]}}