{"id":6764,"date":"2016-09-07T12:16:43","date_gmt":"2016-09-07T10:16:43","guid":{"rendered":"http:\/\/architectes.in\/?p=6764"},"modified":"2020-04-30T09:24:24","modified_gmt":"2020-04-30T07:24:24","slug":"villa-josyane-christian-la-volumetrie-de-la-maison-se-dessine","status":"publish","type":"post","link":"https:\/\/architectes.in\/index.php\/2016\/09\/07\/villa-josyane-christian-la-volumetrie-de-la-maison-se-dessine\/","title":{"rendered":"Gr\u00e2ce au bois, la volum\u00e9trie de la maison se dessine peu \u00e0 peu"},"content":{"rendered":"<p><a href=\"http:\/\/www.inextensa.com\/wp-content\/uploads\/2016\/08\/0-02-01-3e4c2f2c2d6346edf469877947c509a53eecff30c436c0998c94aed79f3221e5_full.jpg\"><img loading=\"lazy\" class=\"alignnone wp-image-3779\" src=\"http:\/\/www.inextensa.com\/wp-content\/uploads\/2016\/08\/0-02-01-3e4c2f2c2d6346edf469877947c509a53eecff30c436c0998c94aed79f3221e5_full-576x1024.jpg\" alt=\"0-02-01-3e4c2f2c2d6346edf469877947c509a53eecff30c436c0998c94aed79f3221e5_full\" width=\"310\" height=\"552\" \/><\/a><\/p>\n<p><strong>Nous voil\u00e0 arriv\u00e9s \u00e0 l&rsquo;\u00e9tape, tant attendue, de la mise en place des murs en ossature bois!\u00a0<\/strong><\/p>\n<p>Les bois d&rsquo;ossature sont pr\u00eats \u00e0 \u00eatre assembl\u00e9s. Chacun d&rsquo;eux est r\u00e9f\u00e9renc\u00e9 pour\u00a0optimiser le temps de montage et garantir la conformit\u00e9 aux plans.<\/p>\n<p>Les montants, traverses et l&rsquo;OSB sont d&rsquo;abord assembl\u00e9s au sol. Les panneaux ainsi constitu\u00e9s sont ensuite assembl\u00e9s verticalement les uns aux autres sur les lisses basses qui avaient \u00e9t\u00e9, au pr\u00e9alable, mis en place.<\/p>\n<p><a href=\"http:\/\/www.inextensa.com\/wp-content\/uploads\/2016\/08\/0-02-01-e03cfb32dab6257ebde055b34d1f9b0fac76e20ce91de3ab3fc422af28d69000_full.jpg\"><img loading=\"lazy\" class=\"alignnone wp-image-3778\" src=\"http:\/\/www.inextensa.com\/wp-content\/uploads\/2016\/08\/0-02-01-e03cfb32dab6257ebde055b34d1f9b0fac76e20ce91de3ab3fc422af28d69000_full-1024x576.jpg\" alt=\"0-02-01-e03cfb32dab6257ebde055b34d1f9b0fac76e20ce91de3ab3fc422af28d69000_full\" width=\"631\" height=\"355\" \/><\/a><\/p>\n<p>On compte\u00a0habituellement une bonne semaine pour monter les murs d&rsquo;une maison en ossature bois. Int\u00e9ress\u00e9s, gare \u00e0 ne pas manquer le spectacle! Le montage\u00a0sera prompt!<\/p>\n<p>&nbsp;<\/p>\n<p><a href=\"http:\/\/www.inextensa.com\/wp-content\/uploads\/2016\/09\/P1090775.jpg\"><img loading=\"lazy\" class=\"alignnone wp-image-3869\" src=\"http:\/\/www.inextensa.com\/wp-content\/uploads\/2016\/09\/P1090775-1024x768.jpg\" alt=\"p1090775\" width=\"621\" height=\"466\" \/><\/a><\/p>\n<p><strong>Tr\u00e8s vite la maison\u00a0prend corps.<\/strong><\/p>\n<p>Les murs ext\u00e9rieurs sont assembl\u00e9s et mont\u00e9s. Des panneaux OSB sont fix\u00e9s c\u00f4t\u00e9 ext\u00e9rieur afin d&rsquo;assurer le contreventement de la structure.<\/p>\n<p><a href=\"http:\/\/www.inextensa.com\/wp-content\/uploads\/2016\/09\/P1090792.jpg\"><img loading=\"lazy\" class=\"alignnone wp-image-3870\" src=\"http:\/\/www.inextensa.com\/wp-content\/uploads\/2016\/09\/P1090792-1024x768.jpg\" alt=\"p1090792\" width=\"621\" height=\"466\" \/><\/a><\/p>\n<p><strong>Et on passe\u00a0\u00e0 la toiture.\u00a0<\/strong><\/p>\n<p>Les chevrons sont pr\u00e9par\u00e9s avant d&rsquo;\u00eatre mis en place. Des \u00e9triers m\u00e9talliques serviront \u00e0 les fixer\u00a0aux pannes.<\/p>\n<p><img loading=\"lazy\" class=\"alignnone wp-image-3872\" src=\"http:\/\/www.inextensa.com\/wp-content\/uploads\/2016\/09\/0-02-01-1b30beefb1b9b9760f9a680e355c81bf8f9ee8af4ea2cf8e04760185f93cde4f_full-1024x576.jpg\" alt=\"0-02-01-1b30beefb1b9b9760f9a680e355c81bf8f9ee8af4ea2cf8e04760185f93cde4f_full\" width=\"622\" height=\"350\" \/><\/p>\n<p><a href=\"http:\/\/www.inextensa.com\/wp-content\/uploads\/2016\/09\/P1090793.jpg\"><img loading=\"lazy\" class=\"alignnone wp-image-3871\" src=\"http:\/\/www.inextensa.com\/wp-content\/uploads\/2016\/09\/P1090793-1024x768.jpg\" alt=\"p1090793\" width=\"621\" height=\"466\" \/><\/a><\/p>\n","protected":false},"excerpt":{"rendered":"<p>Nous voil\u00e0 arriv\u00e9s \u00e0 l&rsquo;\u00e9tape, tant attendue, de la mise en place des murs en ossature bois!\u00a0 Les bois d&rsquo;ossature sont pr\u00eats \u00e0 \u00eatre assembl\u00e9s. Chacun d&rsquo;eux est r\u00e9f\u00e9renc\u00e9 pour\u00a0optimiser le temps de montage et garantir la conformit\u00e9 aux plans. Les montants, traverses et l&rsquo;OSB sont d&rsquo;abord assembl\u00e9s au sol. Les panneaux ainsi constitu\u00e9s sont&#8230; <\/p>\n<div class=\"clear\"><\/div>\n<p><a href=\"https:\/\/architectes.in\/index.php\/2016\/09\/07\/villa-josyane-christian-la-volumetrie-de-la-maison-se-dessine\/\" class=\"excerpt-read-more\">Read More<\/a><\/p>\n","protected":false},"author":1,"featured_media":6833,"comment_status":"open","ping_status":"open","sticky":false,"template":"","format":"standard","meta":{"_monsterinsights_skip_tracking":false,"_monsterinsights_sitenote_active":false,"_monsterinsights_sitenote_note":"","_monsterinsights_sitenote_category":0},"categories":[132],"tags":[80,133,84],"aioseo_notices":[],"_links":{"self":[{"href":"https:\/\/architectes.in\/index.php\/wp-json\/wp\/v2\/posts\/6764"}],"collection":[{"href":"https:\/\/architectes.in\/index.php\/wp-json\/wp\/v2\/posts"}],"about":[{"href":"https:\/\/architectes.in\/index.php\/wp-json\/wp\/v2\/types\/post"}],"author":[{"embeddable":true,"href":"https:\/\/architectes.in\/index.php\/wp-json\/wp\/v2\/users\/1"}],"replies":[{"embeddable":true,"href":"https:\/\/architectes.in\/index.php\/wp-json\/wp\/v2\/comments?post=6764"}],"version-history":[{"count":6,"href":"https:\/\/architectes.in\/index.php\/wp-json\/wp\/v2\/posts\/6764\/revisions"}],"predecessor-version":[{"id":8350,"href":"https:\/\/architectes.in\/index.php\/wp-json\/wp\/v2\/posts\/6764\/revisions\/8350"}],"wp:featuredmedia":[{"embeddable":true,"href":"https:\/\/architectes.in\/index.php\/wp-json\/wp\/v2\/media\/6833"}],"wp:attachment":[{"href":"https:\/\/architectes.in\/index.php\/wp-json\/wp\/v2\/media?parent=6764"}],"wp:term":[{"taxonomy":"category","embeddable":true,"href":"https:\/\/architectes.in\/index.php\/wp-json\/wp\/v2\/categories?post=6764"},{"taxonomy":"post_tag","embeddable":true,"href":"https:\/\/architectes.in\/index.php\/wp-json\/wp\/v2\/tags?post=6764"}],"curies":[{"name":"wp","href":"https:\/\/api.w.org\/{rel}","templated":true}]}}