{"id":6726,"date":"2016-06-02T11:48:20","date_gmt":"2016-06-02T09:48:20","guid":{"rendered":"http:\/\/architectes.in\/?p=6726"},"modified":"2020-04-24T12:01:43","modified_gmt":"2020-04-24T10:01:43","slug":"villa-de-josyane-et-christian-le-depart-est-donne","status":"publish","type":"post","link":"https:\/\/architectes.in\/index.php\/2016\/06\/02\/villa-de-josyane-et-christian-le-depart-est-donne\/","title":{"rendered":"Le d\u00e9part est donn\u00e9!"},"content":{"rendered":"<p><a href=\"http:\/\/www.inextensa.com\/wp-content\/uploads\/2013\/03\/IMG_24241.jpg\"><img loading=\"lazy\" class=\"alignnone size-full wp-image-3709\" src=\"http:\/\/www.inextensa.com\/wp-content\/uploads\/2013\/03\/IMG_24241.jpg\" alt=\"IMG_2424\" width=\"640\" height=\"480\" \/><\/a><\/p>\n<p><strong>Les travaux de terrassement ouvrent le bal.<\/strong><\/p>\n<p>Les plateformes des futurs vides sanitaires viennent d&rsquo;\u00eatre\u00a0cr\u00e9\u00e9es. L&rsquo;\u00e9quipe des terrassiers creuse maintenant les fouilles qui accueilleront les semelles des fondations. L&#8217;emplacement des ces derni\u00e8res\u00a0est rep\u00e9r\u00e9 par un trac\u00e9 rouge au sol r\u00e9alis\u00e9 au cordeau.<\/p>\n<p><a href=\"http:\/\/www.inextensa.com\/wp-content\/uploads\/2013\/03\/IMG_1663.jpg\"><img loading=\"lazy\" class=\"alignnone wp-image-3701\" src=\"http:\/\/www.inextensa.com\/wp-content\/uploads\/2013\/03\/IMG_1663.jpg\" alt=\"trac\u00e9 des fouilles\" width=\"638\" height=\"479\" \/><\/a><\/p>\n","protected":false},"excerpt":{"rendered":"<p>Les travaux de terrassement ouvrent le bal. Les plateformes des futurs vides sanitaires viennent d&rsquo;\u00eatre\u00a0cr\u00e9\u00e9es. L&rsquo;\u00e9quipe des terrassiers creuse maintenant les fouilles qui accueilleront les semelles des fondations. L&#8217;emplacement des ces derni\u00e8res\u00a0est rep\u00e9r\u00e9 par un trac\u00e9 rouge au sol r\u00e9alis\u00e9 au cordeau.<\/p>\n","protected":false},"author":1,"featured_media":6843,"comment_status":"open","ping_status":"open","sticky":false,"template":"","format":"standard","meta":{"_monsterinsights_skip_tracking":false,"_monsterinsights_sitenote_active":false,"_monsterinsights_sitenote_note":"","_monsterinsights_sitenote_category":0},"categories":[132],"tags":[133,88],"aioseo_notices":[],"_links":{"self":[{"href":"https:\/\/architectes.in\/index.php\/wp-json\/wp\/v2\/posts\/6726"}],"collection":[{"href":"https:\/\/architectes.in\/index.php\/wp-json\/wp\/v2\/posts"}],"about":[{"href":"https:\/\/architectes.in\/index.php\/wp-json\/wp\/v2\/types\/post"}],"author":[{"embeddable":true,"href":"https:\/\/architectes.in\/index.php\/wp-json\/wp\/v2\/users\/1"}],"replies":[{"embeddable":true,"href":"https:\/\/architectes.in\/index.php\/wp-json\/wp\/v2\/comments?post=6726"}],"version-history":[{"count":3,"href":"https:\/\/architectes.in\/index.php\/wp-json\/wp\/v2\/posts\/6726\/revisions"}],"predecessor-version":[{"id":8128,"href":"https:\/\/architectes.in\/index.php\/wp-json\/wp\/v2\/posts\/6726\/revisions\/8128"}],"wp:featuredmedia":[{"embeddable":true,"href":"https:\/\/architectes.in\/index.php\/wp-json\/wp\/v2\/media\/6843"}],"wp:attachment":[{"href":"https:\/\/architectes.in\/index.php\/wp-json\/wp\/v2\/media?parent=6726"}],"wp:term":[{"taxonomy":"category","embeddable":true,"href":"https:\/\/architectes.in\/index.php\/wp-json\/wp\/v2\/categories?post=6726"},{"taxonomy":"post_tag","embeddable":true,"href":"https:\/\/architectes.in\/index.php\/wp-json\/wp\/v2\/tags?post=6726"}],"curies":[{"name":"wp","href":"https:\/\/api.w.org\/{rel}","templated":true}]}}