{"id":6711,"date":"2015-01-22T11:28:34","date_gmt":"2015-01-22T10:28:34","guid":{"rendered":"http:\/\/architectes.in\/?p=6711"},"modified":"2020-04-24T11:56:53","modified_gmt":"2020-04-24T09:56:53","slug":"villa-angela-les-facades-revetent-leurs-parements","status":"publish","type":"post","link":"https:\/\/architectes.in\/index.php\/2015\/01\/22\/villa-angela-les-facades-revetent-leurs-parements\/","title":{"rendered":"Les fa\u00e7ades rev\u00eatent leurs parements"},"content":{"rendered":"<p><strong>Double dialogue avec le site environnant.<\/strong><\/p>\n<p>Alors que d&rsquo;un c\u00f4t\u00e9 les\u00a0fa\u00e7ades enduites et le\u00a0to\u00eet en tuiles proven\u00e7ales de la maison s\u2019ins\u00e8re naturellement dans le b\u00e2ti environnant du lotissement, de l&rsquo;autre c\u00f4t\u00e9, le\u00a0bardage bois de la villa, par sa mat\u00e9rialit\u00e9, r\u00e9pond \u00e0 la for\u00eat de pins qui lui fait face.<\/p>\n<p><a href=\"http:\/\/www.inextensa.com\/wp-content\/uploads\/2016\/10\/enduit.jpg\"><img loading=\"lazy\" class=\"alignnone wp-image-4279\" src=\"http:\/\/www.inextensa.com\/wp-content\/uploads\/2016\/10\/enduit.jpg\" alt=\"enduit\" width=\"301\" height=\"404\" \/><\/a><a href=\"http:\/\/www.inextensa.com\/wp-content\/uploads\/2016\/10\/bardage.jpg\"><img loading=\"lazy\" class=\"alignnone wp-image-4273\" src=\"http:\/\/www.inextensa.com\/wp-content\/uploads\/2016\/10\/bardage.jpg\" alt=\"bardage\" width=\"301\" height=\"403\" \/><\/a><a href=\"http:\/\/www.inextensa.com\/wp-content\/uploads\/2016\/10\/enduit-bardage.jpg\"><img loading=\"lazy\" class=\"alignnone wp-image-4278\" src=\"http:\/\/www.inextensa.com\/wp-content\/uploads\/2016\/10\/enduit-bardage.jpg\" alt=\"enduit-bardage\" width=\"624\" height=\"834\" \/><\/a><\/p>\n","protected":false},"excerpt":{"rendered":"<p>Double dialogue avec le site environnant. Alors que d&rsquo;un c\u00f4t\u00e9 les\u00a0fa\u00e7ades enduites et le\u00a0to\u00eet en tuiles proven\u00e7ales de la maison s\u2019ins\u00e8re naturellement dans le b\u00e2ti environnant du lotissement, de l&rsquo;autre c\u00f4t\u00e9, le\u00a0bardage bois de la villa, par sa mat\u00e9rialit\u00e9, r\u00e9pond \u00e0 la for\u00eat de pins qui lui fait face.<\/p>\n","protected":false},"author":1,"featured_media":6867,"comment_status":"open","ping_status":"open","sticky":false,"template":"","format":"standard","meta":{"_monsterinsights_skip_tracking":false,"_monsterinsights_sitenote_active":false,"_monsterinsights_sitenote_note":"","_monsterinsights_sitenote_category":0},"categories":[128],"tags":[70,129],"aioseo_notices":[],"_links":{"self":[{"href":"https:\/\/architectes.in\/index.php\/wp-json\/wp\/v2\/posts\/6711"}],"collection":[{"href":"https:\/\/architectes.in\/index.php\/wp-json\/wp\/v2\/posts"}],"about":[{"href":"https:\/\/architectes.in\/index.php\/wp-json\/wp\/v2\/types\/post"}],"author":[{"embeddable":true,"href":"https:\/\/architectes.in\/index.php\/wp-json\/wp\/v2\/users\/1"}],"replies":[{"embeddable":true,"href":"https:\/\/architectes.in\/index.php\/wp-json\/wp\/v2\/comments?post=6711"}],"version-history":[{"count":3,"href":"https:\/\/architectes.in\/index.php\/wp-json\/wp\/v2\/posts\/6711\/revisions"}],"predecessor-version":[{"id":8124,"href":"https:\/\/architectes.in\/index.php\/wp-json\/wp\/v2\/posts\/6711\/revisions\/8124"}],"wp:featuredmedia":[{"embeddable":true,"href":"https:\/\/architectes.in\/index.php\/wp-json\/wp\/v2\/media\/6867"}],"wp:attachment":[{"href":"https:\/\/architectes.in\/index.php\/wp-json\/wp\/v2\/media?parent=6711"}],"wp:term":[{"taxonomy":"category","embeddable":true,"href":"https:\/\/architectes.in\/index.php\/wp-json\/wp\/v2\/categories?post=6711"},{"taxonomy":"post_tag","embeddable":true,"href":"https:\/\/architectes.in\/index.php\/wp-json\/wp\/v2\/tags?post=6711"}],"curies":[{"name":"wp","href":"https:\/\/api.w.org\/{rel}","templated":true}]}}