{"id":6667,"date":"2016-02-22T10:34:33","date_gmt":"2016-02-22T09:34:33","guid":{"rendered":"http:\/\/architectes.in\/?p=6667"},"modified":"2020-04-24T14:28:15","modified_gmt":"2020-04-24T12:28:15","slug":"villa-carole-didier-le-niveau-maconne-prend-forme","status":"publish","type":"post","link":"https:\/\/architectes.in\/index.php\/2016\/02\/22\/villa-carole-didier-le-niveau-maconne-prend-forme\/","title":{"rendered":"Le niveau ma\u00e7onn\u00e9 prend forme"},"content":{"rendered":"<p><a href=\"http:\/\/www.inextensa.com\/wp-content\/uploads\/2016\/08\/IMG_1235-e1470756113774.jpg\"><img loading=\"lazy\" class=\"alignnone size-full wp-image-3744\" src=\"http:\/\/www.inextensa.com\/wp-content\/uploads\/2016\/08\/IMG_1235-e1470756113774.jpg\" alt=\"IMG_1235\" width=\"640\" height=\"480\" \/><\/a><\/p>\n<p><strong>Quand les murs sortent de terre&#8230;<\/strong><\/p>\n<p>Les murs en agglos creux et en agglos banch\u00e9s du niveau bas sont en cours. Au centre, deux poteaux b\u00e9ton sont coul\u00e9s au niveau de la future tr\u00e9mie d&rsquo;escalier pour reprendre une partie des\u00a0charges qui s&rsquo;exerceront sur le plancher interm\u00e9diaire. Ce dernier accueillera quant \u00e0 lui des murs en ossature bois qui constitueront les pi\u00e8ces de jour.<\/p>\n<p><a href=\"http:\/\/www.inextensa.com\/wp-content\/uploads\/2016\/08\/IMG_1235-e1470756113774.jpg\"><img loading=\"lazy\" class=\"alignnone size-full wp-image-3748\" src=\"http:\/\/www.inextensa.com\/wp-content\/uploads\/2016\/08\/IMG_1234-e1470756166923.jpg\" alt=\"IMG_1234\" width=\"480\" height=\"640\" \/><\/a><\/p>\n<p>Des raidisseurs verticaux sont mis en place dans des\u00a0r\u00e9servations coffr\u00e9es par des planches de\u00a0bois. Il ne manque plus qu&rsquo;\u00e0 couler le b\u00e9ton \u00e0 l&rsquo;int\u00e9rieur. Les poteaux qui seront\u00a0ainsi constitu\u00e9s renforceront les murs ma\u00e7onn\u00e9s.<\/p>\n","protected":false},"excerpt":{"rendered":"<p>Quand les murs sortent de terre&#8230; Les murs en agglos creux et en agglos banch\u00e9s du niveau bas sont en cours. Au centre, deux poteaux b\u00e9ton sont coul\u00e9s au niveau de la future tr\u00e9mie d&rsquo;escalier pour reprendre une partie des\u00a0charges qui s&rsquo;exerceront sur le plancher interm\u00e9diaire. Ce dernier accueillera quant \u00e0 lui des murs en&#8230; <\/p>\n<div class=\"clear\"><\/div>\n<p><a href=\"https:\/\/architectes.in\/index.php\/2016\/02\/22\/villa-carole-didier-le-niveau-maconne-prend-forme\/\" class=\"excerpt-read-more\">Read More<\/a><\/p>\n","protected":false},"author":1,"featured_media":6862,"comment_status":"open","ping_status":"open","sticky":false,"template":"","format":"standard","meta":{"_monsterinsights_skip_tracking":false,"_monsterinsights_sitenote_active":false,"_monsterinsights_sitenote_note":"","_monsterinsights_sitenote_category":0},"categories":[135],"tags":[77,136],"aioseo_notices":[],"_links":{"self":[{"href":"https:\/\/architectes.in\/index.php\/wp-json\/wp\/v2\/posts\/6667"}],"collection":[{"href":"https:\/\/architectes.in\/index.php\/wp-json\/wp\/v2\/posts"}],"about":[{"href":"https:\/\/architectes.in\/index.php\/wp-json\/wp\/v2\/types\/post"}],"author":[{"embeddable":true,"href":"https:\/\/architectes.in\/index.php\/wp-json\/wp\/v2\/users\/1"}],"replies":[{"embeddable":true,"href":"https:\/\/architectes.in\/index.php\/wp-json\/wp\/v2\/comments?post=6667"}],"version-history":[{"count":2,"href":"https:\/\/architectes.in\/index.php\/wp-json\/wp\/v2\/posts\/6667\/revisions"}],"predecessor-version":[{"id":8141,"href":"https:\/\/architectes.in\/index.php\/wp-json\/wp\/v2\/posts\/6667\/revisions\/8141"}],"wp:featuredmedia":[{"embeddable":true,"href":"https:\/\/architectes.in\/index.php\/wp-json\/wp\/v2\/media\/6862"}],"wp:attachment":[{"href":"https:\/\/architectes.in\/index.php\/wp-json\/wp\/v2\/media?parent=6667"}],"wp:term":[{"taxonomy":"category","embeddable":true,"href":"https:\/\/architectes.in\/index.php\/wp-json\/wp\/v2\/categories?post=6667"},{"taxonomy":"post_tag","embeddable":true,"href":"https:\/\/architectes.in\/index.php\/wp-json\/wp\/v2\/tags?post=6667"}],"curies":[{"name":"wp","href":"https:\/\/api.w.org\/{rel}","templated":true}]}}